{"id":510,"date":"2018-05-20T20:49:45","date_gmt":"2018-05-20T19:49:45","guid":{"rendered":"http:\/\/organiser.at\/kaos\/?p=510"},"modified":"2019-09-17T20:00:00","modified_gmt":"2019-09-17T19:00:00","slug":"helgen-vecka-20","status":"publish","type":"post","link":"https:\/\/organiser.at\/kaos\/helgen-vecka-20\/","title":{"rendered":"Helgen, vecka 20"},"content":{"rendered":"<figure id=\"attachment_512\" aria-describedby=\"caption-attachment-512\" style=\"width: 300px\" class=\"wp-caption alignleft\"><img data-recalc-dims=\"1\" loading=\"lazy\" decoding=\"async\" data-attachment-id=\"512\" data-permalink=\"https:\/\/organiser.at\/kaos\/helgen-vecka-20\/apartment-bed-carpet-269141\/\" data-orig-file=\"https:\/\/i0.wp.com\/organiser.at\/kaos\/wp-content\/uploads\/2018\/05\/apartment-bed-carpet-269141.jpg?fit=2908%2C2077&amp;ssl=1\" data-orig-size=\"2908,2077\" data-comments-opened=\"1\" data-image-meta=\"{&quot;aperture&quot;:&quot;0&quot;,&quot;credit&quot;:&quot;&quot;,&quot;camera&quot;:&quot;&quot;,&quot;caption&quot;:&quot;&quot;,&quot;created_timestamp&quot;:&quot;0&quot;,&quot;copyright&quot;:&quot;&quot;,&quot;focal_length&quot;:&quot;0&quot;,&quot;iso&quot;:&quot;0&quot;,&quot;shutter_speed&quot;:&quot;0&quot;,&quot;title&quot;:&quot;&quot;,&quot;orientation&quot;:&quot;0&quot;}\" data-image-title=\"Min helg\" data-image-description=\"&lt;p&gt;Fr\u00e5n Pexels.com kommer en bild som ganska korrekt beskriver min helg.&lt;\/p&gt;\n\" data-image-caption=\"&lt;p&gt;Fr\u00e5n Pexels.com kommer en bild som ganska korrekt beskriver min helg.&lt;\/p&gt;\n\" data-large-file=\"https:\/\/i0.wp.com\/organiser.at\/kaos\/wp-content\/uploads\/2018\/05\/apartment-bed-carpet-269141.jpg?fit=700%2C500&amp;ssl=1\" class=\"wp-image-512 size-medium\" src=\"https:\/\/i0.wp.com\/organiser.at\/kaos\/wp-content\/uploads\/2018\/05\/apartment-bed-carpet-269141.jpg?resize=300%2C214&#038;ssl=1\" alt=\"\" width=\"300\" height=\"214\" srcset=\"https:\/\/i0.wp.com\/organiser.at\/kaos\/wp-content\/uploads\/2018\/05\/apartment-bed-carpet-269141.jpg?resize=300%2C214&amp;ssl=1 300w, https:\/\/i0.wp.com\/organiser.at\/kaos\/wp-content\/uploads\/2018\/05\/apartment-bed-carpet-269141.jpg?resize=768%2C549&amp;ssl=1 768w, https:\/\/i0.wp.com\/organiser.at\/kaos\/wp-content\/uploads\/2018\/05\/apartment-bed-carpet-269141.jpg?resize=1024%2C731&amp;ssl=1 1024w, https:\/\/i0.wp.com\/organiser.at\/kaos\/wp-content\/uploads\/2018\/05\/apartment-bed-carpet-269141.jpg?w=1800&amp;ssl=1 1800w, https:\/\/i0.wp.com\/organiser.at\/kaos\/wp-content\/uploads\/2018\/05\/apartment-bed-carpet-269141.jpg?w=2700&amp;ssl=1 2700w\" sizes=\"auto, (max-width: 300px) 100vw, 300px\" \/><figcaption id=\"caption-attachment-512\" class=\"wp-caption-text\">Fr\u00e5n Pexels.com kommer en bild som ganska korrekt beskriver min helg.<\/figcaption><\/figure>\n<p>Jag hade definitiva l\u00f6sa planer p\u00e5 att promenera en hel del i helgen. Jag och kameran. Det gick v\u00e4l inte skitbra med den saken, om vi ska vara helt \u00e4rliga, du och jag. N\u00f6jde mig mestadels med ett flertal behagliga stunder p\u00e5 balkongen. Nionde v\u00e4gningen med h\u00f6gst acceptabel utsikt. Utm\u00e4rkta tider f\u00f6r den tillvaron.<\/p>\n<p>Var f\u00f6r all del ute, iv\u00e4g, och handlade i g\u00e5r kv\u00e4ll. N\u00e5gonting att \u00e4ta, ingenting att dricka, t\u00e4nkte n\u00f6ja mig med vattnet i kranen. Vatten \u00e4r gott. Hade f\u00f6r all del ocks\u00e5 planer p\u00e5 att minska utbudet i min fortfarande hyfsat stora samling \u00f6l h\u00e4r hemma. Men det gick som med promenadt\u00e4nket. I s\u00e4rskilt l\u00e5ngt alls.<\/p>\n<p>Men jag har st\u00e4llt in en \u00f6l av det finare slaget i kylsk\u00e5pet nu, en Beer Geek Vanilla Maple Shake fr\u00e5n danska Mikkeller, som jag k\u00f6pte med mig fr\u00e5n New York i h\u00f6stas. Tror det var i h\u00f6stas? \u00c4r ganska s\u00e4ker p\u00e5 att det var i h\u00f6stas. Jag har en tendens att k\u00f6pa p\u00e5 mig \u00f6l och inte dricka dom. Jag dricker verkligen v\u00e4ldigt lite alkohol, framf\u00f6r allt hemma, trots att intresset f\u00f6r \u00f6l \u00e4r stort och trots att jag emellan\u00e5t k\u00f6per p\u00e5 mig nya roliga sorter. Som tur \u00e4r k\u00f6per jag oftast p\u00e5 mig s\u00e5dant som g\u00e5r att lagra, och en hel del har k\u00f6pts med det i \u00e5tanke, fast l\u00e5ngt ifr\u00e5n allt. S\u00e5 jag borde ju bli b\u00e4ttre p\u00e5 att beta av den d\u00e4r samlingen. Som trots allt \u00e4r hyfsat stor. Det \u00e4r d\u00e4rf\u00f6r jag st\u00e4llde in just Vanilla Maple Shaken i kylen. Den \u00e4r av det lite starkare och dyrare slaget, kanske aningen sv\u00e5rare att f\u00e5 tag p\u00e5, och s\u00e5ledes precis den typ av \u00f6l som jag tenderar l\u00e5ta ligga alldeles f\u00f6r l\u00e4nge. De h\u00e4r dryckerna \u00e4r \u00e4nd\u00e5 gjorda f\u00f6r att njutas av och det k\u00e4nns ohyfsat att l\u00e5ta f\u00f6r m\u00e5nga ligga f\u00f6r l\u00e4nge. D\u00e5 \u00e4r det ingen som njuter av dom. On\u00f6digt.<\/p>\n<p>Det blir en promenad, en liten, f\u00f6r jag m\u00e5ste fylla p\u00e5 m\u00e5nadskortet. Det gick ut i fredags och jag har ingen lust att promenera de femton kilometrarna till jobbet. M\u00e5ste stiga upp f\u00f6r j\u00e4kla tidigt som det \u00e4r.<\/p>\n<p>En promenad, en skitfin s\u00f6ndags\u00f6l, och ett avsnitt av n\u00e5gon TV-serie. Det blir en bra avslutning p\u00e5 vecka 20.<\/p>\n","protected":false},"excerpt":{"rendered":"<p>Jag hade definitiva l\u00f6sa planer p\u00e5 att promenera en hel del i helgen. Jag och kameran. Det gick v\u00e4l inte skitbra med den saken, om vi ska vara helt \u00e4rliga, du och jag. N\u00f6jde mig mestadels med ett flertal behagliga stunder p\u00e5 balkongen. Nionde v\u00e4gningen med h\u00f6gst acceptabel utsikt. Utm\u00e4rkta tider f\u00f6r den tillvaron. Var [&hellip;]<\/p>\n","protected":false},"author":1,"featured_media":512,"comment_status":"open","ping_status":"open","sticky":false,"template":"","format":"standard","meta":{"_coblocks_attr":"","_coblocks_dimensions":"","_coblocks_responsive_height":"","_coblocks_accordion_ie_support":"","_crdt_document":"","_jetpack_memberships_contains_paid_content":false,"footnotes":"","_links_to":"","_links_to_target":""},"categories":[13],"tags":[],"class_list":["post-510","post","type-post","status-publish","format-standard","has-post-thumbnail","hentry","category-dagbok"],"blocksy_meta":[],"yoast_head":"<!-- This site is optimized with the Yoast SEO plugin v27.5 - https:\/\/yoast.com\/product\/yoast-seo-wordpress\/ -->\n<title>Helgen, vecka 20 - Organiserat kaos<\/title>\n<meta name=\"robots\" content=\"index, follow, max-snippet:-1, max-image-preview:large, max-video-preview:-1\" \/>\n<link rel=\"canonical\" href=\"https:\/\/organiser.at\/kaos\/helgen-vecka-20\/\" \/>\n<meta property=\"og:locale\" content=\"sv_SE\" \/>\n<meta property=\"og:type\" content=\"article\" \/>\n<meta property=\"og:title\" content=\"Helgen, vecka 20 - Organiserat kaos\" \/>\n<meta property=\"og:description\" content=\"Jag hade definitiva l\u00f6sa planer p\u00e5 att promenera en hel del i helgen. Jag och kameran. Det gick v\u00e4l inte skitbra med den saken, om vi ska vara helt \u00e4rliga, du och jag. N\u00f6jde mig mestadels med ett flertal behagliga stunder p\u00e5 balkongen. Nionde v\u00e4gningen med h\u00f6gst acceptabel utsikt. Utm\u00e4rkta tider f\u00f6r den tillvaron. Var [&hellip;]\" \/>\n<meta property=\"og:url\" content=\"https:\/\/organiser.at\/kaos\/helgen-vecka-20\/\" \/>\n<meta property=\"og:site_name\" content=\"Organiserat kaos\" \/>\n<meta property=\"article:published_time\" content=\"2018-05-20T19:49:45+00:00\" \/>\n<meta property=\"article:modified_time\" content=\"2019-09-17T19:00:00+00:00\" \/>\n<meta property=\"og:image\" content=\"https:\/\/organiser.at\/kaos\/wp-content\/uploads\/2018\/05\/apartment-bed-carpet-269141-300x214.jpg\" \/>\n<meta name=\"author\" content=\"Fredrik\" \/>\n<meta name=\"twitter:card\" content=\"summary_large_image\" \/>\n<meta name=\"twitter:label1\" content=\"Skriven av\" \/>\n\t<meta name=\"twitter:data1\" content=\"Fredrik\" \/>\n\t<meta name=\"twitter:label2\" content=\"Ber\u00e4knad l\u00e4stid\" \/>\n\t<meta name=\"twitter:data2\" content=\"2 minuter\" \/>\n<script type=\"application\/ld+json\" class=\"yoast-schema-graph\">{\"@context\":\"https:\\\/\\\/schema.org\",\"@graph\":[{\"@type\":\"Article\",\"@id\":\"https:\\\/\\\/organiser.at\\\/kaos\\\/helgen-vecka-20\\\/#article\",\"isPartOf\":{\"@id\":\"https:\\\/\\\/organiser.at\\\/kaos\\\/helgen-vecka-20\\\/\"},\"author\":{\"name\":\"Fredrik\",\"@id\":\"https:\\\/\\\/organiser.at\\\/kaos\\\/#\\\/schema\\\/person\\\/cd9414ba28539374bab80eecb7479d94\"},\"headline\":\"Helgen, vecka 20\",\"datePublished\":\"2018-05-20T19:49:45+00:00\",\"dateModified\":\"2019-09-17T19:00:00+00:00\",\"mainEntityOfPage\":{\"@id\":\"https:\\\/\\\/organiser.at\\\/kaos\\\/helgen-vecka-20\\\/\"},\"wordCount\":462,\"commentCount\":0,\"publisher\":{\"@id\":\"https:\\\/\\\/organiser.at\\\/kaos\\\/#organization\"},\"image\":{\"@id\":\"https:\\\/\\\/organiser.at\\\/kaos\\\/helgen-vecka-20\\\/#primaryimage\"},\"thumbnailUrl\":\"https:\\\/\\\/i0.wp.com\\\/organiser.at\\\/kaos\\\/wp-content\\\/uploads\\\/2018\\\/05\\\/apartment-bed-carpet-269141.jpg?fit=2908%2C2077&ssl=1\",\"articleSection\":[\"Dagbok\"],\"inLanguage\":\"sv-SE\",\"potentialAction\":[{\"@type\":\"CommentAction\",\"name\":\"Comment\",\"target\":[\"https:\\\/\\\/organiser.at\\\/kaos\\\/helgen-vecka-20\\\/#respond\"]}]},{\"@type\":\"WebPage\",\"@id\":\"https:\\\/\\\/organiser.at\\\/kaos\\\/helgen-vecka-20\\\/\",\"url\":\"https:\\\/\\\/organiser.at\\\/kaos\\\/helgen-vecka-20\\\/\",\"name\":\"Helgen, vecka 20 - Organiserat kaos\",\"isPartOf\":{\"@id\":\"https:\\\/\\\/organiser.at\\\/kaos\\\/#website\"},\"primaryImageOfPage\":{\"@id\":\"https:\\\/\\\/organiser.at\\\/kaos\\\/helgen-vecka-20\\\/#primaryimage\"},\"image\":{\"@id\":\"https:\\\/\\\/organiser.at\\\/kaos\\\/helgen-vecka-20\\\/#primaryimage\"},\"thumbnailUrl\":\"https:\\\/\\\/i0.wp.com\\\/organiser.at\\\/kaos\\\/wp-content\\\/uploads\\\/2018\\\/05\\\/apartment-bed-carpet-269141.jpg?fit=2908%2C2077&ssl=1\",\"datePublished\":\"2018-05-20T19:49:45+00:00\",\"dateModified\":\"2019-09-17T19:00:00+00:00\",\"breadcrumb\":{\"@id\":\"https:\\\/\\\/organiser.at\\\/kaos\\\/helgen-vecka-20\\\/#breadcrumb\"},\"inLanguage\":\"sv-SE\",\"potentialAction\":[{\"@type\":\"ReadAction\",\"target\":[\"https:\\\/\\\/organiser.at\\\/kaos\\\/helgen-vecka-20\\\/\"]}]},{\"@type\":\"ImageObject\",\"inLanguage\":\"sv-SE\",\"@id\":\"https:\\\/\\\/organiser.at\\\/kaos\\\/helgen-vecka-20\\\/#primaryimage\",\"url\":\"https:\\\/\\\/i0.wp.com\\\/organiser.at\\\/kaos\\\/wp-content\\\/uploads\\\/2018\\\/05\\\/apartment-bed-carpet-269141.jpg?fit=2908%2C2077&ssl=1\",\"contentUrl\":\"https:\\\/\\\/i0.wp.com\\\/organiser.at\\\/kaos\\\/wp-content\\\/uploads\\\/2018\\\/05\\\/apartment-bed-carpet-269141.jpg?fit=2908%2C2077&ssl=1\",\"width\":2908,\"height\":2077,\"caption\":\"Fr\u00e5n Pexels.com kommer en bild som ganska korrekt beskriver min helg.\"},{\"@type\":\"BreadcrumbList\",\"@id\":\"https:\\\/\\\/organiser.at\\\/kaos\\\/helgen-vecka-20\\\/#breadcrumb\",\"itemListElement\":[{\"@type\":\"ListItem\",\"position\":1,\"name\":\"Hem\",\"item\":\"https:\\\/\\\/organiser.at\\\/kaos\\\/\"},{\"@type\":\"ListItem\",\"position\":2,\"name\":\"Helgen, vecka 20\"}]},{\"@type\":\"WebSite\",\"@id\":\"https:\\\/\\\/organiser.at\\\/kaos\\\/#website\",\"url\":\"https:\\\/\\\/organiser.at\\\/kaos\\\/\",\"name\":\"Organiserat kaos\",\"description\":\"mer \u00e4n bara ett vackert sk\u00e4gg\",\"publisher\":{\"@id\":\"https:\\\/\\\/organiser.at\\\/kaos\\\/#organization\"},\"potentialAction\":[{\"@type\":\"SearchAction\",\"target\":{\"@type\":\"EntryPoint\",\"urlTemplate\":\"https:\\\/\\\/organiser.at\\\/kaos\\\/?s={search_term_string}\"},\"query-input\":{\"@type\":\"PropertyValueSpecification\",\"valueRequired\":true,\"valueName\":\"search_term_string\"}}],\"inLanguage\":\"sv-SE\"},{\"@type\":\"Organization\",\"@id\":\"https:\\\/\\\/organiser.at\\\/kaos\\\/#organization\",\"name\":\"Organiserat kaos\",\"url\":\"https:\\\/\\\/organiser.at\\\/kaos\\\/\",\"logo\":{\"@type\":\"ImageObject\",\"inLanguage\":\"sv-SE\",\"@id\":\"https:\\\/\\\/organiser.at\\\/kaos\\\/#\\\/schema\\\/logo\\\/image\\\/\",\"url\":\"https:\\\/\\\/i0.wp.com\\\/organiser.at\\\/kaos\\\/wp-content\\\/uploads\\\/2020\\\/11\\\/organiserat_kaos_logo_liten.png?fit=595%2C80&ssl=1\",\"contentUrl\":\"https:\\\/\\\/i0.wp.com\\\/organiser.at\\\/kaos\\\/wp-content\\\/uploads\\\/2020\\\/11\\\/organiserat_kaos_logo_liten.png?fit=595%2C80&ssl=1\",\"width\":595,\"height\":80,\"caption\":\"Organiserat kaos\"},\"image\":{\"@id\":\"https:\\\/\\\/organiser.at\\\/kaos\\\/#\\\/schema\\\/logo\\\/image\\\/\"}},{\"@type\":\"Person\",\"@id\":\"https:\\\/\\\/organiser.at\\\/kaos\\\/#\\\/schema\\\/person\\\/cd9414ba28539374bab80eecb7479d94\",\"name\":\"Fredrik\",\"image\":{\"@type\":\"ImageObject\",\"inLanguage\":\"sv-SE\",\"@id\":\"https:\\\/\\\/secure.gravatar.com\\\/avatar\\\/4ec97bb1e560a1aff3ceed4e8f4ce2b4b582007ec5a18f559c281739eeb87f34?s=96&d=mm&r=g\",\"url\":\"https:\\\/\\\/secure.gravatar.com\\\/avatar\\\/4ec97bb1e560a1aff3ceed4e8f4ce2b4b582007ec5a18f559c281739eeb87f34?s=96&d=mm&r=g\",\"contentUrl\":\"https:\\\/\\\/secure.gravatar.com\\\/avatar\\\/4ec97bb1e560a1aff3ceed4e8f4ce2b4b582007ec5a18f559c281739eeb87f34?s=96&d=mm&r=g\",\"caption\":\"Fredrik\"},\"url\":\"https:\\\/\\\/organiser.at\\\/kaos\\\/author\\\/fredrik\\\/\"}]}<\/script>\n<!-- \/ Yoast SEO plugin. -->","yoast_head_json":{"title":"Helgen, vecka 20 - Organiserat kaos","robots":{"index":"index","follow":"follow","max-snippet":"max-snippet:-1","max-image-preview":"max-image-preview:large","max-video-preview":"max-video-preview:-1"},"canonical":"https:\/\/organiser.at\/kaos\/helgen-vecka-20\/","og_locale":"sv_SE","og_type":"article","og_title":"Helgen, vecka 20 - Organiserat kaos","og_description":"Jag hade definitiva l\u00f6sa planer p\u00e5 att promenera en hel del i helgen. Jag och kameran. Det gick v\u00e4l inte skitbra med den saken, om vi ska vara helt \u00e4rliga, du och jag. N\u00f6jde mig mestadels med ett flertal behagliga stunder p\u00e5 balkongen. Nionde v\u00e4gningen med h\u00f6gst acceptabel utsikt. Utm\u00e4rkta tider f\u00f6r den tillvaron. Var [&hellip;]","og_url":"https:\/\/organiser.at\/kaos\/helgen-vecka-20\/","og_site_name":"Organiserat kaos","article_published_time":"2018-05-20T19:49:45+00:00","article_modified_time":"2019-09-17T19:00:00+00:00","og_image":[{"url":"https:\/\/organiser.at\/kaos\/wp-content\/uploads\/2018\/05\/apartment-bed-carpet-269141-300x214.jpg","type":"","width":"","height":""}],"author":"Fredrik","twitter_card":"summary_large_image","twitter_misc":{"Skriven av":"Fredrik","Ber\u00e4knad l\u00e4stid":"2 minuter"},"schema":{"@context":"https:\/\/schema.org","@graph":[{"@type":"Article","@id":"https:\/\/organiser.at\/kaos\/helgen-vecka-20\/#article","isPartOf":{"@id":"https:\/\/organiser.at\/kaos\/helgen-vecka-20\/"},"author":{"name":"Fredrik","@id":"https:\/\/organiser.at\/kaos\/#\/schema\/person\/cd9414ba28539374bab80eecb7479d94"},"headline":"Helgen, vecka 20","datePublished":"2018-05-20T19:49:45+00:00","dateModified":"2019-09-17T19:00:00+00:00","mainEntityOfPage":{"@id":"https:\/\/organiser.at\/kaos\/helgen-vecka-20\/"},"wordCount":462,"commentCount":0,"publisher":{"@id":"https:\/\/organiser.at\/kaos\/#organization"},"image":{"@id":"https:\/\/organiser.at\/kaos\/helgen-vecka-20\/#primaryimage"},"thumbnailUrl":"https:\/\/i0.wp.com\/organiser.at\/kaos\/wp-content\/uploads\/2018\/05\/apartment-bed-carpet-269141.jpg?fit=2908%2C2077&ssl=1","articleSection":["Dagbok"],"inLanguage":"sv-SE","potentialAction":[{"@type":"CommentAction","name":"Comment","target":["https:\/\/organiser.at\/kaos\/helgen-vecka-20\/#respond"]}]},{"@type":"WebPage","@id":"https:\/\/organiser.at\/kaos\/helgen-vecka-20\/","url":"https:\/\/organiser.at\/kaos\/helgen-vecka-20\/","name":"Helgen, vecka 20 - Organiserat kaos","isPartOf":{"@id":"https:\/\/organiser.at\/kaos\/#website"},"primaryImageOfPage":{"@id":"https:\/\/organiser.at\/kaos\/helgen-vecka-20\/#primaryimage"},"image":{"@id":"https:\/\/organiser.at\/kaos\/helgen-vecka-20\/#primaryimage"},"thumbnailUrl":"https:\/\/i0.wp.com\/organiser.at\/kaos\/wp-content\/uploads\/2018\/05\/apartment-bed-carpet-269141.jpg?fit=2908%2C2077&ssl=1","datePublished":"2018-05-20T19:49:45+00:00","dateModified":"2019-09-17T19:00:00+00:00","breadcrumb":{"@id":"https:\/\/organiser.at\/kaos\/helgen-vecka-20\/#breadcrumb"},"inLanguage":"sv-SE","potentialAction":[{"@type":"ReadAction","target":["https:\/\/organiser.at\/kaos\/helgen-vecka-20\/"]}]},{"@type":"ImageObject","inLanguage":"sv-SE","@id":"https:\/\/organiser.at\/kaos\/helgen-vecka-20\/#primaryimage","url":"https:\/\/i0.wp.com\/organiser.at\/kaos\/wp-content\/uploads\/2018\/05\/apartment-bed-carpet-269141.jpg?fit=2908%2C2077&ssl=1","contentUrl":"https:\/\/i0.wp.com\/organiser.at\/kaos\/wp-content\/uploads\/2018\/05\/apartment-bed-carpet-269141.jpg?fit=2908%2C2077&ssl=1","width":2908,"height":2077,"caption":"Fr\u00e5n Pexels.com kommer en bild som ganska korrekt beskriver min helg."},{"@type":"BreadcrumbList","@id":"https:\/\/organiser.at\/kaos\/helgen-vecka-20\/#breadcrumb","itemListElement":[{"@type":"ListItem","position":1,"name":"Hem","item":"https:\/\/organiser.at\/kaos\/"},{"@type":"ListItem","position":2,"name":"Helgen, vecka 20"}]},{"@type":"WebSite","@id":"https:\/\/organiser.at\/kaos\/#website","url":"https:\/\/organiser.at\/kaos\/","name":"Organiserat kaos","description":"mer \u00e4n bara ett vackert sk\u00e4gg","publisher":{"@id":"https:\/\/organiser.at\/kaos\/#organization"},"potentialAction":[{"@type":"SearchAction","target":{"@type":"EntryPoint","urlTemplate":"https:\/\/organiser.at\/kaos\/?s={search_term_string}"},"query-input":{"@type":"PropertyValueSpecification","valueRequired":true,"valueName":"search_term_string"}}],"inLanguage":"sv-SE"},{"@type":"Organization","@id":"https:\/\/organiser.at\/kaos\/#organization","name":"Organiserat kaos","url":"https:\/\/organiser.at\/kaos\/","logo":{"@type":"ImageObject","inLanguage":"sv-SE","@id":"https:\/\/organiser.at\/kaos\/#\/schema\/logo\/image\/","url":"https:\/\/i0.wp.com\/organiser.at\/kaos\/wp-content\/uploads\/2020\/11\/organiserat_kaos_logo_liten.png?fit=595%2C80&ssl=1","contentUrl":"https:\/\/i0.wp.com\/organiser.at\/kaos\/wp-content\/uploads\/2020\/11\/organiserat_kaos_logo_liten.png?fit=595%2C80&ssl=1","width":595,"height":80,"caption":"Organiserat kaos"},"image":{"@id":"https:\/\/organiser.at\/kaos\/#\/schema\/logo\/image\/"}},{"@type":"Person","@id":"https:\/\/organiser.at\/kaos\/#\/schema\/person\/cd9414ba28539374bab80eecb7479d94","name":"Fredrik","image":{"@type":"ImageObject","inLanguage":"sv-SE","@id":"https:\/\/secure.gravatar.com\/avatar\/4ec97bb1e560a1aff3ceed4e8f4ce2b4b582007ec5a18f559c281739eeb87f34?s=96&d=mm&r=g","url":"https:\/\/secure.gravatar.com\/avatar\/4ec97bb1e560a1aff3ceed4e8f4ce2b4b582007ec5a18f559c281739eeb87f34?s=96&d=mm&r=g","contentUrl":"https:\/\/secure.gravatar.com\/avatar\/4ec97bb1e560a1aff3ceed4e8f4ce2b4b582007ec5a18f559c281739eeb87f34?s=96&d=mm&r=g","caption":"Fredrik"},"url":"https:\/\/organiser.at\/kaos\/author\/fredrik\/"}]}},"jetpack_featured_media_url":"https:\/\/i0.wp.com\/organiser.at\/kaos\/wp-content\/uploads\/2018\/05\/apartment-bed-carpet-269141.jpg?fit=2908%2C2077&ssl=1","blog_post_layout_featured_media_urls":{"thumbnail":["https:\/\/i0.wp.com\/organiser.at\/kaos\/wp-content\/uploads\/2018\/05\/apartment-bed-carpet-269141.jpg?resize=150%2C150&ssl=1",150,150,true],"full":["https:\/\/i0.wp.com\/organiser.at\/kaos\/wp-content\/uploads\/2018\/05\/apartment-bed-carpet-269141.jpg?fit=2908%2C2077&ssl=1",2908,2077,false]},"categories_names":{"13":{"name":"Dagbok","link":"https:\/\/organiser.at\/kaos\/kategori\/dagbok\/"}},"tags_names":[],"comments_number":"0","jetpack_sharing_enabled":true,"jetpack_shortlink":"https:\/\/wp.me\/p7PBTu-8e","jetpack_likes_enabled":true,"_links":{"self":[{"href":"https:\/\/organiser.at\/kaos\/wp-json\/wp\/v2\/posts\/510","targetHints":{"allow":["GET"]}}],"collection":[{"href":"https:\/\/organiser.at\/kaos\/wp-json\/wp\/v2\/posts"}],"about":[{"href":"https:\/\/organiser.at\/kaos\/wp-json\/wp\/v2\/types\/post"}],"author":[{"embeddable":true,"href":"https:\/\/organiser.at\/kaos\/wp-json\/wp\/v2\/users\/1"}],"replies":[{"embeddable":true,"href":"https:\/\/organiser.at\/kaos\/wp-json\/wp\/v2\/comments?post=510"}],"version-history":[{"count":5,"href":"https:\/\/organiser.at\/kaos\/wp-json\/wp\/v2\/posts\/510\/revisions"}],"predecessor-version":[{"id":657,"href":"https:\/\/organiser.at\/kaos\/wp-json\/wp\/v2\/posts\/510\/revisions\/657"}],"wp:featuredmedia":[{"embeddable":true,"href":"https:\/\/organiser.at\/kaos\/wp-json\/wp\/v2\/media\/512"}],"wp:attachment":[{"href":"https:\/\/organiser.at\/kaos\/wp-json\/wp\/v2\/media?parent=510"}],"wp:term":[{"taxonomy":"category","embeddable":true,"href":"https:\/\/organiser.at\/kaos\/wp-json\/wp\/v2\/categories?post=510"},{"taxonomy":"post_tag","embeddable":true,"href":"https:\/\/organiser.at\/kaos\/wp-json\/wp\/v2\/tags?post=510"}],"curies":[{"name":"wp","href":"https:\/\/api.w.org\/{rel}","templated":true}]}}