{"id":649,"date":"2019-09-17T22:51:06","date_gmt":"2019-09-17T21:51:06","guid":{"rendered":"https:\/\/organiser.at\/kaos\/?p=649"},"modified":"2019-09-21T14:14:10","modified_gmt":"2019-09-21T13:14:10","slug":"min-relation-till-skrivandet","status":"publish","type":"post","link":"https:\/\/organiser.at\/kaos\/min-relation-till-skrivandet\/","title":{"rendered":"Min relation till skrivandet"},"content":{"rendered":"\n<p class=\"wp-block-paragraph\"><em>Det var i runda sl\u00e4ngar ett tjugotal \u00e5r sen sist men nu \u00e4r jag tillbaka i skolb\u00e4nken. Utbildningen heter webbkommunikat\u00f6r (med inriktning mot sociala medier) och en av v\u00e5ra allra f\u00f6rsta uppgifter var att skriva om v\u00e5r relation till skrivandet. Vad jag l\u00e4mnade in s\u00e5g ut ungef\u00e4r som f\u00f6ljer.<\/em><\/p>\n\n\n\n<p class=\"wp-block-paragraph\">Minns i f\u00f6rskolan, hur jag skrev en historia i n\u00e5gon slags primitiv bokform (vi h\u00e4ftade ihop ett g\u00e4ng A4-ark), och sedan har jag egentligen aldrig slutat h\u00e5lla p\u00e5. Formerna har \u00e4ndrats och varierats men orden har alltid varit med mig. Det \u00e4r en livsl\u00e5ng relation.<\/p>\n\n\n\n<h3 class=\"wp-block-heading\">Typ av texter<\/h3>\n\n\n\n<p class=\"wp-block-paragraph\">Som ung var det mestadels dikter och noveller, eller utkast till noveller. M\u00e5nga id\u00e9er samlades p\u00e5 h\u00f6g. Med \u00e5ren b\u00f6rjade jag skriva av mig p\u00e5 n\u00e4tet. F\u00f6rst i dagboksformat, p\u00e5 sedan l\u00e4nge d\u00f6da tj\u00e4nster, sedan egen hemsida. Vilket blev till blogg. D\u00e4refter d\u00e4refter forum och sedan sociala medier. Jag skulle tro att de senaste tio \u00e5ren (plus v\u00e4xel) har inl\u00e4gg i sociala medier \u00e4nd\u00e5 varit mitt fr\u00e4msta uttrycksmedel.<br><br>Under n\u00e4stan tio \u00e5rs tid frilansade jag ocks\u00e5 som filmskribent f\u00f6r <a href=\"http:\/\/www.moviezine.se\">MovieZine<\/a>. Fr\u00e4mst recensioner, men \u00e4ven kr\u00f6nikor och andra typer av journalistiska texter.<br><br>Innan MovieZine skrev jag \u00e4ven f\u00f6r en <a href=\"http:\/\/bloggywood.se\/\">filmblogg<\/a> i ett par \u00e5r, och innan dess jobbade jag ett tag redaktionellt f\u00f6r en <a href=\"http:\/\/www.filmsajt.se\/\">kortlivad filmsida med stora ambitioner<\/a>.<br><br>S\u00e5, jo, att skriva om film har ocks\u00e5 legat mig v\u00e4ldigt varmt om det gamla hj\u00e4rtat.<\/p>\n\n\n\n<h3 class=\"wp-block-heading\">Min erfarenhet av sociala medier<\/h3>\n\n\n\n<p class=\"wp-block-paragraph\">L\u00e5ng och bitvis intensiv, p\u00e5 hobbyniv\u00e5. Jag har ofta varit tidig med att testa nya tj\u00e4nster, tycker om formaten, och att anv\u00e4nda exempelvis Twitters begr\u00e4nsningar till kreativa f\u00f6rdelar. Det \u00e4r dessutom sociala medier som tagit klivet \u00f6ver till social verklighet, d\u00e5 en stor del av min nuvarande bekantskapskrets har sin grund i sociala medier. Att jag s\u00f6kt mig till den h\u00e4r utbildningen, att jag vill jobba med det h\u00e4r, beror ocks\u00e5 mycket p\u00e5 m\u00e4nniskor som jag l\u00e4rt k\u00e4nna genom \u00e5ren, som p\u00e5 n\u00e5got s\u00e4tt arbetar med sociala medier.<br><br>Och s\u00e5 skrivandet. Det \u00e4r den stora orsaken.<\/p>\n\n\n\n<h3 class=\"wp-block-heading\">Vad jag vill f\u00f6rb\u00e4ttra<\/h3>\n\n\n\n<p class=\"wp-block-paragraph\">Kanske framf\u00f6r allt att skriva mer fokuserat. Jag har en tendens att sv\u00e4va ut, anv\u00e4nda fler ord \u00e4n vad som m\u00e5nga g\u00e5nger \u00e4r n\u00f6dv\u00e4ndigt, och jag ser fram emot l\u00e4ra mig skriva sparsamt och med tydligare riktning. Slipa till mig, s\u00e5 att s\u00e4ga, och helt enkelt utvecklas \u00f6verlag. Jag \u00e4lskar att utvecklas.<\/p>\n","protected":false},"excerpt":{"rendered":"<p>Det var i runda sl\u00e4ngar ett tjugotal \u00e5r sen sist men nu \u00e4r jag tillbaka i skolb\u00e4nken. Utbildningen heter webbkommunikat\u00f6r (med inriktning mot sociala medier) och en av v\u00e5ra allra f\u00f6rsta uppgifter var att skriva om v\u00e5r relation till skrivandet. Vad jag l\u00e4mnade in s\u00e5g ut ungef\u00e4r som f\u00f6ljer. Minns i f\u00f6rskolan, hur jag skrev [&hellip;]<\/p>\n","protected":false},"author":1,"featured_media":0,"comment_status":"open","ping_status":"open","sticky":false,"template":"","format":"standard","meta":{"_coblocks_attr":"","_coblocks_dimensions":"","_coblocks_responsive_height":"","_coblocks_accordion_ie_support":"","_crdt_document":"","_jetpack_memberships_contains_paid_content":false,"footnotes":"","_links_to":"","_links_to_target":""},"categories":[9],"tags":[],"class_list":["post-649","post","type-post","status-publish","format-standard","hentry","category-att-skriva"],"blocksy_meta":[],"yoast_head":"<!-- This site is optimized with the Yoast SEO plugin v27.5 - https:\/\/yoast.com\/product\/yoast-seo-wordpress\/ -->\n<title>Min relation till skrivandet - Organiserat kaos<\/title>\n<meta name=\"robots\" content=\"index, follow, max-snippet:-1, max-image-preview:large, max-video-preview:-1\" \/>\n<link rel=\"canonical\" href=\"https:\/\/organiser.at\/kaos\/min-relation-till-skrivandet\/\" \/>\n<meta property=\"og:locale\" content=\"sv_SE\" \/>\n<meta property=\"og:type\" content=\"article\" \/>\n<meta property=\"og:title\" content=\"Min relation till skrivandet - Organiserat kaos\" \/>\n<meta property=\"og:description\" content=\"Det var i runda sl\u00e4ngar ett tjugotal \u00e5r sen sist men nu \u00e4r jag tillbaka i skolb\u00e4nken. Utbildningen heter webbkommunikat\u00f6r (med inriktning mot sociala medier) och en av v\u00e5ra allra f\u00f6rsta uppgifter var att skriva om v\u00e5r relation till skrivandet. Vad jag l\u00e4mnade in s\u00e5g ut ungef\u00e4r som f\u00f6ljer. Minns i f\u00f6rskolan, hur jag skrev [&hellip;]\" \/>\n<meta property=\"og:url\" content=\"https:\/\/organiser.at\/kaos\/min-relation-till-skrivandet\/\" \/>\n<meta property=\"og:site_name\" content=\"Organiserat kaos\" \/>\n<meta property=\"article:published_time\" content=\"2019-09-17T21:51:06+00:00\" \/>\n<meta property=\"article:modified_time\" content=\"2019-09-21T13:14:10+00:00\" \/>\n<meta name=\"author\" content=\"Fredrik\" \/>\n<meta name=\"twitter:card\" content=\"summary_large_image\" \/>\n<meta name=\"twitter:label1\" content=\"Skriven av\" \/>\n\t<meta name=\"twitter:data1\" content=\"Fredrik\" \/>\n\t<meta name=\"twitter:label2\" content=\"Ber\u00e4knad l\u00e4stid\" \/>\n\t<meta name=\"twitter:data2\" content=\"2 minuter\" \/>\n<script type=\"application\/ld+json\" class=\"yoast-schema-graph\">{\"@context\":\"https:\\\/\\\/schema.org\",\"@graph\":[{\"@type\":\"Article\",\"@id\":\"https:\\\/\\\/organiser.at\\\/kaos\\\/min-relation-till-skrivandet\\\/#article\",\"isPartOf\":{\"@id\":\"https:\\\/\\\/organiser.at\\\/kaos\\\/min-relation-till-skrivandet\\\/\"},\"author\":{\"name\":\"Fredrik\",\"@id\":\"https:\\\/\\\/organiser.at\\\/kaos\\\/#\\\/schema\\\/person\\\/cd9414ba28539374bab80eecb7479d94\"},\"headline\":\"Min relation till skrivandet\",\"datePublished\":\"2019-09-17T21:51:06+00:00\",\"dateModified\":\"2019-09-21T13:14:10+00:00\",\"mainEntityOfPage\":{\"@id\":\"https:\\\/\\\/organiser.at\\\/kaos\\\/min-relation-till-skrivandet\\\/\"},\"wordCount\":455,\"commentCount\":0,\"publisher\":{\"@id\":\"https:\\\/\\\/organiser.at\\\/kaos\\\/#organization\"},\"articleSection\":[\"Att skriva\"],\"inLanguage\":\"sv-SE\",\"potentialAction\":[{\"@type\":\"CommentAction\",\"name\":\"Comment\",\"target\":[\"https:\\\/\\\/organiser.at\\\/kaos\\\/min-relation-till-skrivandet\\\/#respond\"]}]},{\"@type\":\"WebPage\",\"@id\":\"https:\\\/\\\/organiser.at\\\/kaos\\\/min-relation-till-skrivandet\\\/\",\"url\":\"https:\\\/\\\/organiser.at\\\/kaos\\\/min-relation-till-skrivandet\\\/\",\"name\":\"Min relation till skrivandet - Organiserat kaos\",\"isPartOf\":{\"@id\":\"https:\\\/\\\/organiser.at\\\/kaos\\\/#website\"},\"datePublished\":\"2019-09-17T21:51:06+00:00\",\"dateModified\":\"2019-09-21T13:14:10+00:00\",\"breadcrumb\":{\"@id\":\"https:\\\/\\\/organiser.at\\\/kaos\\\/min-relation-till-skrivandet\\\/#breadcrumb\"},\"inLanguage\":\"sv-SE\",\"potentialAction\":[{\"@type\":\"ReadAction\",\"target\":[\"https:\\\/\\\/organiser.at\\\/kaos\\\/min-relation-till-skrivandet\\\/\"]}]},{\"@type\":\"BreadcrumbList\",\"@id\":\"https:\\\/\\\/organiser.at\\\/kaos\\\/min-relation-till-skrivandet\\\/#breadcrumb\",\"itemListElement\":[{\"@type\":\"ListItem\",\"position\":1,\"name\":\"Hem\",\"item\":\"https:\\\/\\\/organiser.at\\\/kaos\\\/\"},{\"@type\":\"ListItem\",\"position\":2,\"name\":\"Min relation till skrivandet\"}]},{\"@type\":\"WebSite\",\"@id\":\"https:\\\/\\\/organiser.at\\\/kaos\\\/#website\",\"url\":\"https:\\\/\\\/organiser.at\\\/kaos\\\/\",\"name\":\"Organiserat kaos\",\"description\":\"mer \u00e4n bara ett vackert sk\u00e4gg\",\"publisher\":{\"@id\":\"https:\\\/\\\/organiser.at\\\/kaos\\\/#organization\"},\"potentialAction\":[{\"@type\":\"SearchAction\",\"target\":{\"@type\":\"EntryPoint\",\"urlTemplate\":\"https:\\\/\\\/organiser.at\\\/kaos\\\/?s={search_term_string}\"},\"query-input\":{\"@type\":\"PropertyValueSpecification\",\"valueRequired\":true,\"valueName\":\"search_term_string\"}}],\"inLanguage\":\"sv-SE\"},{\"@type\":\"Organization\",\"@id\":\"https:\\\/\\\/organiser.at\\\/kaos\\\/#organization\",\"name\":\"Organiserat kaos\",\"url\":\"https:\\\/\\\/organiser.at\\\/kaos\\\/\",\"logo\":{\"@type\":\"ImageObject\",\"inLanguage\":\"sv-SE\",\"@id\":\"https:\\\/\\\/organiser.at\\\/kaos\\\/#\\\/schema\\\/logo\\\/image\\\/\",\"url\":\"https:\\\/\\\/i0.wp.com\\\/organiser.at\\\/kaos\\\/wp-content\\\/uploads\\\/2020\\\/11\\\/organiserat_kaos_logo_liten.png?fit=595%2C80&ssl=1\",\"contentUrl\":\"https:\\\/\\\/i0.wp.com\\\/organiser.at\\\/kaos\\\/wp-content\\\/uploads\\\/2020\\\/11\\\/organiserat_kaos_logo_liten.png?fit=595%2C80&ssl=1\",\"width\":595,\"height\":80,\"caption\":\"Organiserat kaos\"},\"image\":{\"@id\":\"https:\\\/\\\/organiser.at\\\/kaos\\\/#\\\/schema\\\/logo\\\/image\\\/\"}},{\"@type\":\"Person\",\"@id\":\"https:\\\/\\\/organiser.at\\\/kaos\\\/#\\\/schema\\\/person\\\/cd9414ba28539374bab80eecb7479d94\",\"name\":\"Fredrik\",\"image\":{\"@type\":\"ImageObject\",\"inLanguage\":\"sv-SE\",\"@id\":\"https:\\\/\\\/secure.gravatar.com\\\/avatar\\\/4ec97bb1e560a1aff3ceed4e8f4ce2b4b582007ec5a18f559c281739eeb87f34?s=96&d=mm&r=g\",\"url\":\"https:\\\/\\\/secure.gravatar.com\\\/avatar\\\/4ec97bb1e560a1aff3ceed4e8f4ce2b4b582007ec5a18f559c281739eeb87f34?s=96&d=mm&r=g\",\"contentUrl\":\"https:\\\/\\\/secure.gravatar.com\\\/avatar\\\/4ec97bb1e560a1aff3ceed4e8f4ce2b4b582007ec5a18f559c281739eeb87f34?s=96&d=mm&r=g\",\"caption\":\"Fredrik\"},\"url\":\"https:\\\/\\\/organiser.at\\\/kaos\\\/author\\\/fredrik\\\/\"}]}<\/script>\n<!-- \/ Yoast SEO plugin. -->","yoast_head_json":{"title":"Min relation till skrivandet - Organiserat kaos","robots":{"index":"index","follow":"follow","max-snippet":"max-snippet:-1","max-image-preview":"max-image-preview:large","max-video-preview":"max-video-preview:-1"},"canonical":"https:\/\/organiser.at\/kaos\/min-relation-till-skrivandet\/","og_locale":"sv_SE","og_type":"article","og_title":"Min relation till skrivandet - Organiserat kaos","og_description":"Det var i runda sl\u00e4ngar ett tjugotal \u00e5r sen sist men nu \u00e4r jag tillbaka i skolb\u00e4nken. Utbildningen heter webbkommunikat\u00f6r (med inriktning mot sociala medier) och en av v\u00e5ra allra f\u00f6rsta uppgifter var att skriva om v\u00e5r relation till skrivandet. Vad jag l\u00e4mnade in s\u00e5g ut ungef\u00e4r som f\u00f6ljer. Minns i f\u00f6rskolan, hur jag skrev [&hellip;]","og_url":"https:\/\/organiser.at\/kaos\/min-relation-till-skrivandet\/","og_site_name":"Organiserat kaos","article_published_time":"2019-09-17T21:51:06+00:00","article_modified_time":"2019-09-21T13:14:10+00:00","author":"Fredrik","twitter_card":"summary_large_image","twitter_misc":{"Skriven av":"Fredrik","Ber\u00e4knad l\u00e4stid":"2 minuter"},"schema":{"@context":"https:\/\/schema.org","@graph":[{"@type":"Article","@id":"https:\/\/organiser.at\/kaos\/min-relation-till-skrivandet\/#article","isPartOf":{"@id":"https:\/\/organiser.at\/kaos\/min-relation-till-skrivandet\/"},"author":{"name":"Fredrik","@id":"https:\/\/organiser.at\/kaos\/#\/schema\/person\/cd9414ba28539374bab80eecb7479d94"},"headline":"Min relation till skrivandet","datePublished":"2019-09-17T21:51:06+00:00","dateModified":"2019-09-21T13:14:10+00:00","mainEntityOfPage":{"@id":"https:\/\/organiser.at\/kaos\/min-relation-till-skrivandet\/"},"wordCount":455,"commentCount":0,"publisher":{"@id":"https:\/\/organiser.at\/kaos\/#organization"},"articleSection":["Att skriva"],"inLanguage":"sv-SE","potentialAction":[{"@type":"CommentAction","name":"Comment","target":["https:\/\/organiser.at\/kaos\/min-relation-till-skrivandet\/#respond"]}]},{"@type":"WebPage","@id":"https:\/\/organiser.at\/kaos\/min-relation-till-skrivandet\/","url":"https:\/\/organiser.at\/kaos\/min-relation-till-skrivandet\/","name":"Min relation till skrivandet - Organiserat kaos","isPartOf":{"@id":"https:\/\/organiser.at\/kaos\/#website"},"datePublished":"2019-09-17T21:51:06+00:00","dateModified":"2019-09-21T13:14:10+00:00","breadcrumb":{"@id":"https:\/\/organiser.at\/kaos\/min-relation-till-skrivandet\/#breadcrumb"},"inLanguage":"sv-SE","potentialAction":[{"@type":"ReadAction","target":["https:\/\/organiser.at\/kaos\/min-relation-till-skrivandet\/"]}]},{"@type":"BreadcrumbList","@id":"https:\/\/organiser.at\/kaos\/min-relation-till-skrivandet\/#breadcrumb","itemListElement":[{"@type":"ListItem","position":1,"name":"Hem","item":"https:\/\/organiser.at\/kaos\/"},{"@type":"ListItem","position":2,"name":"Min relation till skrivandet"}]},{"@type":"WebSite","@id":"https:\/\/organiser.at\/kaos\/#website","url":"https:\/\/organiser.at\/kaos\/","name":"Organiserat kaos","description":"mer \u00e4n bara ett vackert sk\u00e4gg","publisher":{"@id":"https:\/\/organiser.at\/kaos\/#organization"},"potentialAction":[{"@type":"SearchAction","target":{"@type":"EntryPoint","urlTemplate":"https:\/\/organiser.at\/kaos\/?s={search_term_string}"},"query-input":{"@type":"PropertyValueSpecification","valueRequired":true,"valueName":"search_term_string"}}],"inLanguage":"sv-SE"},{"@type":"Organization","@id":"https:\/\/organiser.at\/kaos\/#organization","name":"Organiserat kaos","url":"https:\/\/organiser.at\/kaos\/","logo":{"@type":"ImageObject","inLanguage":"sv-SE","@id":"https:\/\/organiser.at\/kaos\/#\/schema\/logo\/image\/","url":"https:\/\/i0.wp.com\/organiser.at\/kaos\/wp-content\/uploads\/2020\/11\/organiserat_kaos_logo_liten.png?fit=595%2C80&ssl=1","contentUrl":"https:\/\/i0.wp.com\/organiser.at\/kaos\/wp-content\/uploads\/2020\/11\/organiserat_kaos_logo_liten.png?fit=595%2C80&ssl=1","width":595,"height":80,"caption":"Organiserat kaos"},"image":{"@id":"https:\/\/organiser.at\/kaos\/#\/schema\/logo\/image\/"}},{"@type":"Person","@id":"https:\/\/organiser.at\/kaos\/#\/schema\/person\/cd9414ba28539374bab80eecb7479d94","name":"Fredrik","image":{"@type":"ImageObject","inLanguage":"sv-SE","@id":"https:\/\/secure.gravatar.com\/avatar\/4ec97bb1e560a1aff3ceed4e8f4ce2b4b582007ec5a18f559c281739eeb87f34?s=96&d=mm&r=g","url":"https:\/\/secure.gravatar.com\/avatar\/4ec97bb1e560a1aff3ceed4e8f4ce2b4b582007ec5a18f559c281739eeb87f34?s=96&d=mm&r=g","contentUrl":"https:\/\/secure.gravatar.com\/avatar\/4ec97bb1e560a1aff3ceed4e8f4ce2b4b582007ec5a18f559c281739eeb87f34?s=96&d=mm&r=g","caption":"Fredrik"},"url":"https:\/\/organiser.at\/kaos\/author\/fredrik\/"}]}},"jetpack_featured_media_url":"","blog_post_layout_featured_media_urls":{"thumbnail":"","full":""},"categories_names":{"9":{"name":"Att skriva","link":"https:\/\/organiser.at\/kaos\/kategori\/att-skriva\/"}},"tags_names":[],"comments_number":"0","jetpack_sharing_enabled":true,"jetpack_shortlink":"https:\/\/wp.me\/p7PBTu-at","jetpack_likes_enabled":true,"_links":{"self":[{"href":"https:\/\/organiser.at\/kaos\/wp-json\/wp\/v2\/posts\/649","targetHints":{"allow":["GET"]}}],"collection":[{"href":"https:\/\/organiser.at\/kaos\/wp-json\/wp\/v2\/posts"}],"about":[{"href":"https:\/\/organiser.at\/kaos\/wp-json\/wp\/v2\/types\/post"}],"author":[{"embeddable":true,"href":"https:\/\/organiser.at\/kaos\/wp-json\/wp\/v2\/users\/1"}],"replies":[{"embeddable":true,"href":"https:\/\/organiser.at\/kaos\/wp-json\/wp\/v2\/comments?post=649"}],"version-history":[{"count":6,"href":"https:\/\/organiser.at\/kaos\/wp-json\/wp\/v2\/posts\/649\/revisions"}],"predecessor-version":[{"id":720,"href":"https:\/\/organiser.at\/kaos\/wp-json\/wp\/v2\/posts\/649\/revisions\/720"}],"wp:attachment":[{"href":"https:\/\/organiser.at\/kaos\/wp-json\/wp\/v2\/media?parent=649"}],"wp:term":[{"taxonomy":"category","embeddable":true,"href":"https:\/\/organiser.at\/kaos\/wp-json\/wp\/v2\/categories?post=649"},{"taxonomy":"post_tag","embeddable":true,"href":"https:\/\/organiser.at\/kaos\/wp-json\/wp\/v2\/tags?post=649"}],"curies":[{"name":"wp","href":"https:\/\/api.w.org\/{rel}","templated":true}]}}