{"id":775,"date":"2019-12-11T17:35:40","date_gmt":"2019-12-11T16:35:40","guid":{"rendered":"http:\/\/organiser.at\/kaos\/?p=775"},"modified":"2021-03-04T09:34:28","modified_gmt":"2021-03-04T08:34:28","slug":"marie-fredriksson-1958-2019","status":"publish","type":"post","link":"https:\/\/organiser.at\/kaos\/marie-fredriksson-1958-2019\/","title":{"rendered":"Marie Fredriksson, 1958 &#8211; 2019"},"content":{"rendered":"\n<figure class=\"wp-block-image alignwide size-large\"><img loading=\"lazy\" decoding=\"async\" width=\"1600\" height=\"1067\" data-attachment-id=\"778\" data-permalink=\"https:\/\/organiser.at\/kaos\/marie-fredriksson-1958-2019\/marie_fredriksson_of_roxette_live_at_odderoya_live_2012\/\" data-orig-file=\"https:\/\/i0.wp.com\/organiser.at\/kaos\/wp-content\/uploads\/2019\/12\/Marie_Fredriksson_of_Roxette_live_at_Odder%C3%B8ya_Live_2012.jpg?fit=1600%2C1067&amp;ssl=1\" data-orig-size=\"1600,1067\" data-comments-opened=\"1\" data-image-meta=\"{&quot;aperture&quot;:&quot;5&quot;,&quot;credit&quot;:&quot;&quot;,&quot;camera&quot;:&quot;Canon EOS 5D Mark II&quot;,&quot;caption&quot;:&quot;&quot;,&quot;created_timestamp&quot;:&quot;1342211490&quot;,&quot;copyright&quot;:&quot;&quot;,&quot;focal_length&quot;:&quot;105&quot;,&quot;iso&quot;:&quot;1000&quot;,&quot;shutter_speed&quot;:&quot;0.003125&quot;,&quot;title&quot;:&quot;&quot;,&quot;orientation&quot;:&quot;0&quot;}\" data-image-title=\"Marie_Fredriksson_of_Roxette_live_at_Odder\u00f8ya_Live_2012\" data-image-description=\"\" data-image-caption=\"\" data-large-file=\"https:\/\/i0.wp.com\/organiser.at\/kaos\/wp-content\/uploads\/2019\/12\/Marie_Fredriksson_of_Roxette_live_at_Odder%C3%B8ya_Live_2012.jpg?fit=700%2C467&amp;ssl=1\" src=\"https:\/\/i1.wp.com\/organiser.at\/kaos\/wp-content\/uploads\/2019\/12\/Marie_Fredriksson_of_Roxette_live_at_Odder\u00f8ya_Live_2012.jpg?fit=700%2C467\" alt=\"\" class=\"wp-image-778\" srcset=\"https:\/\/i0.wp.com\/organiser.at\/kaos\/wp-content\/uploads\/2019\/12\/Marie_Fredriksson_of_Roxette_live_at_Odder%C3%B8ya_Live_2012.jpg?w=1600&amp;ssl=1 1600w, https:\/\/i0.wp.com\/organiser.at\/kaos\/wp-content\/uploads\/2019\/12\/Marie_Fredriksson_of_Roxette_live_at_Odder%C3%B8ya_Live_2012.jpg?resize=300%2C200&amp;ssl=1 300w, https:\/\/i0.wp.com\/organiser.at\/kaos\/wp-content\/uploads\/2019\/12\/Marie_Fredriksson_of_Roxette_live_at_Odder%C3%B8ya_Live_2012.jpg?resize=700%2C467&amp;ssl=1 700w, https:\/\/i0.wp.com\/organiser.at\/kaos\/wp-content\/uploads\/2019\/12\/Marie_Fredriksson_of_Roxette_live_at_Odder%C3%B8ya_Live_2012.jpg?resize=768%2C512&amp;ssl=1 768w, https:\/\/i0.wp.com\/organiser.at\/kaos\/wp-content\/uploads\/2019\/12\/Marie_Fredriksson_of_Roxette_live_at_Odder%C3%B8ya_Live_2012.jpg?resize=1536%2C1024&amp;ssl=1 1536w, https:\/\/i0.wp.com\/organiser.at\/kaos\/wp-content\/uploads\/2019\/12\/Marie_Fredriksson_of_Roxette_live_at_Odder%C3%B8ya_Live_2012.jpg?resize=1100%2C734&amp;ssl=1 1100w\" sizes=\"auto, (max-width: 900px) 100vw, 900px\" \/><figcaption>J\u00f8rund F Pedersen [<a href=\"https:\/\/creativecommons.org\/licenses\/by-sa\/3.0\">CC BY-SA 3.0<\/a>], <a href=\"https:\/\/commons.wikimedia.org\/wiki\/File:Marie_Fredriksson_of_Roxette_live_at_Odder%C3%B8ya_Live_2012.jpg\">via Wikimedia Commons<\/a><\/figcaption><\/figure>\n\n\n\n<p class=\"wp-block-paragraph\"><a href=\"https:\/\/en.wikipedia.org\/wiki\/Look_Sharp!_(Roxette_album)\">Look Sharp!<\/a> var min f\u00f6rsta skiva med <a href=\"https:\/\/roxette.se\/\">Roxette<\/a> och 30 \u00e5r senare finns samma vinyl fortfarande kvar i min \u00e4go. <a href=\"https:\/\/www.svt.se\/kultur\/marie-fredriksson-ar-dod\">Med anledning av att Marie Fredrikssons bortg\u00e5ng<\/a> lyssnade jag p\u00e5 plattan ig\u00e5r (dock via streaming) och om musik vore blod \u00e4r det h\u00e4r vad som hade flutit i mina \u00e5dror. <\/p>\n\n\n\n<p class=\"wp-block-paragraph\">Jag hade varit f\u00f6rtjust i andra artister tidigare men egentligen b\u00f6rjade allt med Roxette. Deras inverkan, hur stor och viktig del av mitt liv de var, g\u00e5r inte att \u00f6verskatta. Jag lyssnar s\u00e4llan p\u00e5 dom nu och min musiksmak har vuxit sig l\u00e5ngt mycket bredare men min k\u00e4rlek till popmusiken, till det som med p\u00e5 ytan enkla medel tr\u00e4ffar mig i hj\u00e4rtat h\u00e5rdare och mer direkt \u00e4n n\u00e5gonting annat, det f\u00f6ddes h\u00e4r. <\/p>\n\n\n\n<p class=\"wp-block-paragraph\">Det \u00e4r sant att Marie inte skrev mycket till Roxette, texterna och musiken var till st\u00f6rsta delen Per Gessles hantverk. Men om han var hj\u00e4rnan bakom bandet s\u00e5 var hon hj\u00e4rtat och sj\u00e4len.<\/p>\n\n\n\n<p class=\"wp-block-paragraph\">Det \u00e4r ocks\u00e5 sant att jag skriver mer om Roxette \u00e4n Maries solokarri\u00e4r. Det beror mest p\u00e5 att jag aldrig riktigt fastnade f\u00f6r den delen. L\u00e5tarna var ofta lite f\u00f6r lugna f\u00f6r mig, som framf\u00f6r allt tilltalades (och fortfarande tilltalas mer) av musik med aningen h\u00f6gre tempo. Det betyder inte att jag \u00e4r d\u00f6v f\u00f6r hur bra hon var p\u00e5 egen hand. Det betyder inte att Maries talang som l\u00e5tskrivare eller s\u00e5ngerska n\u00e5gonsin g\u00e5r att bortse fr\u00e5n.<\/p>\n\n\n\n<p class=\"wp-block-paragraph\">Talangen, hj\u00e4rtat, sj\u00e4len. Marie Fredriksson \u00e4r d\u00f6d och likt popmusiken jag redan n\u00e4mnt \u00e4r det en f\u00f6rlust som k\u00e4nns, rakt in i hj\u00e4rtat.<\/p>\n\n\n\n<p class=\"wp-block-paragraph\"><\/p>\n","protected":false},"excerpt":{"rendered":"<p>Look Sharp! var min f\u00f6rsta skiva med Roxette och 30 \u00e5r senare finns samma vinyl fortfarande kvar i min \u00e4go. Med anledning av att Marie Fredrikssons bortg\u00e5ng lyssnade jag p\u00e5 plattan ig\u00e5r (dock via streaming) och om musik vore blod \u00e4r det h\u00e4r vad som hade flutit i mina \u00e5dror. Jag hade varit f\u00f6rtjust i [&hellip;]<\/p>\n","protected":false},"author":1,"featured_media":778,"comment_status":"open","ping_status":"open","sticky":false,"template":"","format":"standard","meta":{"_coblocks_attr":"","_coblocks_dimensions":"","_coblocks_responsive_height":"","_coblocks_accordion_ie_support":"","_crdt_document":"","_jetpack_memberships_contains_paid_content":false,"footnotes":"","_links_to":"","_links_to_target":""},"categories":[20],"tags":[25,23,24,22],"class_list":["post-775","post","type-post","status-publish","format-standard","has-post-thumbnail","hentry","category-musik","tag-dodsfall","tag-marie-fredriksson","tag-per-gessle","tag-roxette"],"blocksy_meta":[],"yoast_head":"<!-- This site is optimized with the Yoast SEO plugin v27.5 - https:\/\/yoast.com\/product\/yoast-seo-wordpress\/ -->\n<title>Marie Fredriksson, 1958 - 2019 - Organiserat kaos<\/title>\n<meta name=\"robots\" content=\"index, follow, max-snippet:-1, max-image-preview:large, max-video-preview:-1\" \/>\n<link rel=\"canonical\" href=\"https:\/\/organiser.at\/kaos\/marie-fredriksson-1958-2019\/\" \/>\n<meta property=\"og:locale\" content=\"sv_SE\" \/>\n<meta property=\"og:type\" content=\"article\" \/>\n<meta property=\"og:title\" content=\"Marie Fredriksson, 1958 - 2019 - Organiserat kaos\" \/>\n<meta property=\"og:description\" content=\"Look Sharp! var min f\u00f6rsta skiva med Roxette och 30 \u00e5r senare finns samma vinyl fortfarande kvar i min \u00e4go. Med anledning av att Marie Fredrikssons bortg\u00e5ng lyssnade jag p\u00e5 plattan ig\u00e5r (dock via streaming) och om musik vore blod \u00e4r det h\u00e4r vad som hade flutit i mina \u00e5dror. Jag hade varit f\u00f6rtjust i [&hellip;]\" \/>\n<meta property=\"og:url\" content=\"https:\/\/organiser.at\/kaos\/marie-fredriksson-1958-2019\/\" \/>\n<meta property=\"og:site_name\" content=\"Organiserat kaos\" \/>\n<meta property=\"article:published_time\" content=\"2019-12-11T16:35:40+00:00\" \/>\n<meta property=\"article:modified_time\" content=\"2021-03-04T08:34:28+00:00\" \/>\n<meta property=\"og:image\" content=\"https:\/\/i1.wp.com\/organiser.at\/kaos\/wp-content\/uploads\/2019\/12\/Marie_Fredriksson_of_Roxette_live_at_Odder\u00f8ya_Live_2012.jpg?fit=700%2C467\" \/>\n<meta name=\"author\" content=\"Fredrik\" \/>\n<meta name=\"twitter:card\" content=\"summary_large_image\" \/>\n<meta name=\"twitter:label1\" content=\"Skriven av\" \/>\n\t<meta name=\"twitter:data1\" content=\"Fredrik\" \/>\n\t<meta name=\"twitter:label2\" content=\"Ber\u00e4knad l\u00e4stid\" \/>\n\t<meta name=\"twitter:data2\" content=\"2 minuter\" \/>\n<script type=\"application\/ld+json\" class=\"yoast-schema-graph\">{\"@context\":\"https:\\\/\\\/schema.org\",\"@graph\":[{\"@type\":\"Article\",\"@id\":\"https:\\\/\\\/organiser.at\\\/kaos\\\/marie-fredriksson-1958-2019\\\/#article\",\"isPartOf\":{\"@id\":\"https:\\\/\\\/organiser.at\\\/kaos\\\/marie-fredriksson-1958-2019\\\/\"},\"author\":{\"name\":\"Fredrik\",\"@id\":\"https:\\\/\\\/organiser.at\\\/kaos\\\/#\\\/schema\\\/person\\\/cd9414ba28539374bab80eecb7479d94\"},\"headline\":\"Marie Fredriksson, 1958 &#8211; 2019\",\"datePublished\":\"2019-12-11T16:35:40+00:00\",\"dateModified\":\"2021-03-04T08:34:28+00:00\",\"mainEntityOfPage\":{\"@id\":\"https:\\\/\\\/organiser.at\\\/kaos\\\/marie-fredriksson-1958-2019\\\/\"},\"wordCount\":307,\"commentCount\":0,\"publisher\":{\"@id\":\"https:\\\/\\\/organiser.at\\\/kaos\\\/#organization\"},\"image\":{\"@id\":\"https:\\\/\\\/organiser.at\\\/kaos\\\/marie-fredriksson-1958-2019\\\/#primaryimage\"},\"thumbnailUrl\":\"https:\\\/\\\/i0.wp.com\\\/organiser.at\\\/kaos\\\/wp-content\\\/uploads\\\/2019\\\/12\\\/Marie_Fredriksson_of_Roxette_live_at_Odder%C3%B8ya_Live_2012.jpg?fit=1600%2C1067&ssl=1\",\"keywords\":[\"d\u00f6dsfall\",\"marie fredriksson\",\"per gessle\",\"roxette\"],\"articleSection\":[\"Musik\"],\"inLanguage\":\"sv-SE\",\"potentialAction\":[{\"@type\":\"CommentAction\",\"name\":\"Comment\",\"target\":[\"https:\\\/\\\/organiser.at\\\/kaos\\\/marie-fredriksson-1958-2019\\\/#respond\"]}]},{\"@type\":\"WebPage\",\"@id\":\"https:\\\/\\\/organiser.at\\\/kaos\\\/marie-fredriksson-1958-2019\\\/\",\"url\":\"https:\\\/\\\/organiser.at\\\/kaos\\\/marie-fredriksson-1958-2019\\\/\",\"name\":\"Marie Fredriksson, 1958 - 2019 - Organiserat kaos\",\"isPartOf\":{\"@id\":\"https:\\\/\\\/organiser.at\\\/kaos\\\/#website\"},\"primaryImageOfPage\":{\"@id\":\"https:\\\/\\\/organiser.at\\\/kaos\\\/marie-fredriksson-1958-2019\\\/#primaryimage\"},\"image\":{\"@id\":\"https:\\\/\\\/organiser.at\\\/kaos\\\/marie-fredriksson-1958-2019\\\/#primaryimage\"},\"thumbnailUrl\":\"https:\\\/\\\/i0.wp.com\\\/organiser.at\\\/kaos\\\/wp-content\\\/uploads\\\/2019\\\/12\\\/Marie_Fredriksson_of_Roxette_live_at_Odder%C3%B8ya_Live_2012.jpg?fit=1600%2C1067&ssl=1\",\"datePublished\":\"2019-12-11T16:35:40+00:00\",\"dateModified\":\"2021-03-04T08:34:28+00:00\",\"breadcrumb\":{\"@id\":\"https:\\\/\\\/organiser.at\\\/kaos\\\/marie-fredriksson-1958-2019\\\/#breadcrumb\"},\"inLanguage\":\"sv-SE\",\"potentialAction\":[{\"@type\":\"ReadAction\",\"target\":[\"https:\\\/\\\/organiser.at\\\/kaos\\\/marie-fredriksson-1958-2019\\\/\"]}]},{\"@type\":\"ImageObject\",\"inLanguage\":\"sv-SE\",\"@id\":\"https:\\\/\\\/organiser.at\\\/kaos\\\/marie-fredriksson-1958-2019\\\/#primaryimage\",\"url\":\"https:\\\/\\\/i0.wp.com\\\/organiser.at\\\/kaos\\\/wp-content\\\/uploads\\\/2019\\\/12\\\/Marie_Fredriksson_of_Roxette_live_at_Odder%C3%B8ya_Live_2012.jpg?fit=1600%2C1067&ssl=1\",\"contentUrl\":\"https:\\\/\\\/i0.wp.com\\\/organiser.at\\\/kaos\\\/wp-content\\\/uploads\\\/2019\\\/12\\\/Marie_Fredriksson_of_Roxette_live_at_Odder%C3%B8ya_Live_2012.jpg?fit=1600%2C1067&ssl=1\",\"width\":1600,\"height\":1067},{\"@type\":\"BreadcrumbList\",\"@id\":\"https:\\\/\\\/organiser.at\\\/kaos\\\/marie-fredriksson-1958-2019\\\/#breadcrumb\",\"itemListElement\":[{\"@type\":\"ListItem\",\"position\":1,\"name\":\"Hem\",\"item\":\"https:\\\/\\\/organiser.at\\\/kaos\\\/\"},{\"@type\":\"ListItem\",\"position\":2,\"name\":\"Marie Fredriksson, 1958 &#8211; 2019\"}]},{\"@type\":\"WebSite\",\"@id\":\"https:\\\/\\\/organiser.at\\\/kaos\\\/#website\",\"url\":\"https:\\\/\\\/organiser.at\\\/kaos\\\/\",\"name\":\"Organiserat kaos\",\"description\":\"mer \u00e4n bara ett vackert sk\u00e4gg\",\"publisher\":{\"@id\":\"https:\\\/\\\/organiser.at\\\/kaos\\\/#organization\"},\"potentialAction\":[{\"@type\":\"SearchAction\",\"target\":{\"@type\":\"EntryPoint\",\"urlTemplate\":\"https:\\\/\\\/organiser.at\\\/kaos\\\/?s={search_term_string}\"},\"query-input\":{\"@type\":\"PropertyValueSpecification\",\"valueRequired\":true,\"valueName\":\"search_term_string\"}}],\"inLanguage\":\"sv-SE\"},{\"@type\":\"Organization\",\"@id\":\"https:\\\/\\\/organiser.at\\\/kaos\\\/#organization\",\"name\":\"Organiserat kaos\",\"url\":\"https:\\\/\\\/organiser.at\\\/kaos\\\/\",\"logo\":{\"@type\":\"ImageObject\",\"inLanguage\":\"sv-SE\",\"@id\":\"https:\\\/\\\/organiser.at\\\/kaos\\\/#\\\/schema\\\/logo\\\/image\\\/\",\"url\":\"https:\\\/\\\/i0.wp.com\\\/organiser.at\\\/kaos\\\/wp-content\\\/uploads\\\/2020\\\/11\\\/organiserat_kaos_logo_liten.png?fit=595%2C80&ssl=1\",\"contentUrl\":\"https:\\\/\\\/i0.wp.com\\\/organiser.at\\\/kaos\\\/wp-content\\\/uploads\\\/2020\\\/11\\\/organiserat_kaos_logo_liten.png?fit=595%2C80&ssl=1\",\"width\":595,\"height\":80,\"caption\":\"Organiserat kaos\"},\"image\":{\"@id\":\"https:\\\/\\\/organiser.at\\\/kaos\\\/#\\\/schema\\\/logo\\\/image\\\/\"}},{\"@type\":\"Person\",\"@id\":\"https:\\\/\\\/organiser.at\\\/kaos\\\/#\\\/schema\\\/person\\\/cd9414ba28539374bab80eecb7479d94\",\"name\":\"Fredrik\",\"image\":{\"@type\":\"ImageObject\",\"inLanguage\":\"sv-SE\",\"@id\":\"https:\\\/\\\/secure.gravatar.com\\\/avatar\\\/4ec97bb1e560a1aff3ceed4e8f4ce2b4b582007ec5a18f559c281739eeb87f34?s=96&d=mm&r=g\",\"url\":\"https:\\\/\\\/secure.gravatar.com\\\/avatar\\\/4ec97bb1e560a1aff3ceed4e8f4ce2b4b582007ec5a18f559c281739eeb87f34?s=96&d=mm&r=g\",\"contentUrl\":\"https:\\\/\\\/secure.gravatar.com\\\/avatar\\\/4ec97bb1e560a1aff3ceed4e8f4ce2b4b582007ec5a18f559c281739eeb87f34?s=96&d=mm&r=g\",\"caption\":\"Fredrik\"},\"url\":\"https:\\\/\\\/organiser.at\\\/kaos\\\/author\\\/fredrik\\\/\"}]}<\/script>\n<!-- \/ Yoast SEO plugin. -->","yoast_head_json":{"title":"Marie Fredriksson, 1958 - 2019 - Organiserat kaos","robots":{"index":"index","follow":"follow","max-snippet":"max-snippet:-1","max-image-preview":"max-image-preview:large","max-video-preview":"max-video-preview:-1"},"canonical":"https:\/\/organiser.at\/kaos\/marie-fredriksson-1958-2019\/","og_locale":"sv_SE","og_type":"article","og_title":"Marie Fredriksson, 1958 - 2019 - Organiserat kaos","og_description":"Look Sharp! var min f\u00f6rsta skiva med Roxette och 30 \u00e5r senare finns samma vinyl fortfarande kvar i min \u00e4go. Med anledning av att Marie Fredrikssons bortg\u00e5ng lyssnade jag p\u00e5 plattan ig\u00e5r (dock via streaming) och om musik vore blod \u00e4r det h\u00e4r vad som hade flutit i mina \u00e5dror. Jag hade varit f\u00f6rtjust i [&hellip;]","og_url":"https:\/\/organiser.at\/kaos\/marie-fredriksson-1958-2019\/","og_site_name":"Organiserat kaos","article_published_time":"2019-12-11T16:35:40+00:00","article_modified_time":"2021-03-04T08:34:28+00:00","og_image":[{"url":"https:\/\/i1.wp.com\/organiser.at\/kaos\/wp-content\/uploads\/2019\/12\/Marie_Fredriksson_of_Roxette_live_at_Odder\u00f8ya_Live_2012.jpg?fit=700%2C467","type":"","width":"","height":""}],"author":"Fredrik","twitter_card":"summary_large_image","twitter_misc":{"Skriven av":"Fredrik","Ber\u00e4knad l\u00e4stid":"2 minuter"},"schema":{"@context":"https:\/\/schema.org","@graph":[{"@type":"Article","@id":"https:\/\/organiser.at\/kaos\/marie-fredriksson-1958-2019\/#article","isPartOf":{"@id":"https:\/\/organiser.at\/kaos\/marie-fredriksson-1958-2019\/"},"author":{"name":"Fredrik","@id":"https:\/\/organiser.at\/kaos\/#\/schema\/person\/cd9414ba28539374bab80eecb7479d94"},"headline":"Marie Fredriksson, 1958 &#8211; 2019","datePublished":"2019-12-11T16:35:40+00:00","dateModified":"2021-03-04T08:34:28+00:00","mainEntityOfPage":{"@id":"https:\/\/organiser.at\/kaos\/marie-fredriksson-1958-2019\/"},"wordCount":307,"commentCount":0,"publisher":{"@id":"https:\/\/organiser.at\/kaos\/#organization"},"image":{"@id":"https:\/\/organiser.at\/kaos\/marie-fredriksson-1958-2019\/#primaryimage"},"thumbnailUrl":"https:\/\/i0.wp.com\/organiser.at\/kaos\/wp-content\/uploads\/2019\/12\/Marie_Fredriksson_of_Roxette_live_at_Odder%C3%B8ya_Live_2012.jpg?fit=1600%2C1067&ssl=1","keywords":["d\u00f6dsfall","marie fredriksson","per gessle","roxette"],"articleSection":["Musik"],"inLanguage":"sv-SE","potentialAction":[{"@type":"CommentAction","name":"Comment","target":["https:\/\/organiser.at\/kaos\/marie-fredriksson-1958-2019\/#respond"]}]},{"@type":"WebPage","@id":"https:\/\/organiser.at\/kaos\/marie-fredriksson-1958-2019\/","url":"https:\/\/organiser.at\/kaos\/marie-fredriksson-1958-2019\/","name":"Marie Fredriksson, 1958 - 2019 - Organiserat kaos","isPartOf":{"@id":"https:\/\/organiser.at\/kaos\/#website"},"primaryImageOfPage":{"@id":"https:\/\/organiser.at\/kaos\/marie-fredriksson-1958-2019\/#primaryimage"},"image":{"@id":"https:\/\/organiser.at\/kaos\/marie-fredriksson-1958-2019\/#primaryimage"},"thumbnailUrl":"https:\/\/i0.wp.com\/organiser.at\/kaos\/wp-content\/uploads\/2019\/12\/Marie_Fredriksson_of_Roxette_live_at_Odder%C3%B8ya_Live_2012.jpg?fit=1600%2C1067&ssl=1","datePublished":"2019-12-11T16:35:40+00:00","dateModified":"2021-03-04T08:34:28+00:00","breadcrumb":{"@id":"https:\/\/organiser.at\/kaos\/marie-fredriksson-1958-2019\/#breadcrumb"},"inLanguage":"sv-SE","potentialAction":[{"@type":"ReadAction","target":["https:\/\/organiser.at\/kaos\/marie-fredriksson-1958-2019\/"]}]},{"@type":"ImageObject","inLanguage":"sv-SE","@id":"https:\/\/organiser.at\/kaos\/marie-fredriksson-1958-2019\/#primaryimage","url":"https:\/\/i0.wp.com\/organiser.at\/kaos\/wp-content\/uploads\/2019\/12\/Marie_Fredriksson_of_Roxette_live_at_Odder%C3%B8ya_Live_2012.jpg?fit=1600%2C1067&ssl=1","contentUrl":"https:\/\/i0.wp.com\/organiser.at\/kaos\/wp-content\/uploads\/2019\/12\/Marie_Fredriksson_of_Roxette_live_at_Odder%C3%B8ya_Live_2012.jpg?fit=1600%2C1067&ssl=1","width":1600,"height":1067},{"@type":"BreadcrumbList","@id":"https:\/\/organiser.at\/kaos\/marie-fredriksson-1958-2019\/#breadcrumb","itemListElement":[{"@type":"ListItem","position":1,"name":"Hem","item":"https:\/\/organiser.at\/kaos\/"},{"@type":"ListItem","position":2,"name":"Marie Fredriksson, 1958 &#8211; 2019"}]},{"@type":"WebSite","@id":"https:\/\/organiser.at\/kaos\/#website","url":"https:\/\/organiser.at\/kaos\/","name":"Organiserat kaos","description":"mer \u00e4n bara ett vackert sk\u00e4gg","publisher":{"@id":"https:\/\/organiser.at\/kaos\/#organization"},"potentialAction":[{"@type":"SearchAction","target":{"@type":"EntryPoint","urlTemplate":"https:\/\/organiser.at\/kaos\/?s={search_term_string}"},"query-input":{"@type":"PropertyValueSpecification","valueRequired":true,"valueName":"search_term_string"}}],"inLanguage":"sv-SE"},{"@type":"Organization","@id":"https:\/\/organiser.at\/kaos\/#organization","name":"Organiserat kaos","url":"https:\/\/organiser.at\/kaos\/","logo":{"@type":"ImageObject","inLanguage":"sv-SE","@id":"https:\/\/organiser.at\/kaos\/#\/schema\/logo\/image\/","url":"https:\/\/i0.wp.com\/organiser.at\/kaos\/wp-content\/uploads\/2020\/11\/organiserat_kaos_logo_liten.png?fit=595%2C80&ssl=1","contentUrl":"https:\/\/i0.wp.com\/organiser.at\/kaos\/wp-content\/uploads\/2020\/11\/organiserat_kaos_logo_liten.png?fit=595%2C80&ssl=1","width":595,"height":80,"caption":"Organiserat kaos"},"image":{"@id":"https:\/\/organiser.at\/kaos\/#\/schema\/logo\/image\/"}},{"@type":"Person","@id":"https:\/\/organiser.at\/kaos\/#\/schema\/person\/cd9414ba28539374bab80eecb7479d94","name":"Fredrik","image":{"@type":"ImageObject","inLanguage":"sv-SE","@id":"https:\/\/secure.gravatar.com\/avatar\/4ec97bb1e560a1aff3ceed4e8f4ce2b4b582007ec5a18f559c281739eeb87f34?s=96&d=mm&r=g","url":"https:\/\/secure.gravatar.com\/avatar\/4ec97bb1e560a1aff3ceed4e8f4ce2b4b582007ec5a18f559c281739eeb87f34?s=96&d=mm&r=g","contentUrl":"https:\/\/secure.gravatar.com\/avatar\/4ec97bb1e560a1aff3ceed4e8f4ce2b4b582007ec5a18f559c281739eeb87f34?s=96&d=mm&r=g","caption":"Fredrik"},"url":"https:\/\/organiser.at\/kaos\/author\/fredrik\/"}]}},"jetpack_featured_media_url":"https:\/\/i0.wp.com\/organiser.at\/kaos\/wp-content\/uploads\/2019\/12\/Marie_Fredriksson_of_Roxette_live_at_Odder%C3%B8ya_Live_2012.jpg?fit=1600%2C1067&ssl=1","blog_post_layout_featured_media_urls":{"thumbnail":["https:\/\/i0.wp.com\/organiser.at\/kaos\/wp-content\/uploads\/2019\/12\/Marie_Fredriksson_of_Roxette_live_at_Odder%C3%B8ya_Live_2012.jpg?resize=150%2C150&ssl=1",150,150,true],"full":["https:\/\/i0.wp.com\/organiser.at\/kaos\/wp-content\/uploads\/2019\/12\/Marie_Fredriksson_of_Roxette_live_at_Odder%C3%B8ya_Live_2012.jpg?fit=1600%2C1067&ssl=1",1600,1067,false]},"categories_names":{"20":{"name":"Musik","link":"https:\/\/organiser.at\/kaos\/kategori\/musik\/"}},"tags_names":{"25":{"name":"d\u00f6dsfall","link":"https:\/\/organiser.at\/kaos\/etikett\/dodsfall\/"},"23":{"name":"marie fredriksson","link":"https:\/\/organiser.at\/kaos\/etikett\/marie-fredriksson\/"},"24":{"name":"per gessle","link":"https:\/\/organiser.at\/kaos\/etikett\/per-gessle\/"},"22":{"name":"roxette","link":"https:\/\/organiser.at\/kaos\/etikett\/roxette\/"}},"comments_number":"0","jetpack_sharing_enabled":true,"jetpack_shortlink":"https:\/\/wp.me\/p7PBTu-cv","jetpack_likes_enabled":true,"_links":{"self":[{"href":"https:\/\/organiser.at\/kaos\/wp-json\/wp\/v2\/posts\/775","targetHints":{"allow":["GET"]}}],"collection":[{"href":"https:\/\/organiser.at\/kaos\/wp-json\/wp\/v2\/posts"}],"about":[{"href":"https:\/\/organiser.at\/kaos\/wp-json\/wp\/v2\/types\/post"}],"author":[{"embeddable":true,"href":"https:\/\/organiser.at\/kaos\/wp-json\/wp\/v2\/users\/1"}],"replies":[{"embeddable":true,"href":"https:\/\/organiser.at\/kaos\/wp-json\/wp\/v2\/comments?post=775"}],"version-history":[{"count":11,"href":"https:\/\/organiser.at\/kaos\/wp-json\/wp\/v2\/posts\/775\/revisions"}],"predecessor-version":[{"id":1524,"href":"https:\/\/organiser.at\/kaos\/wp-json\/wp\/v2\/posts\/775\/revisions\/1524"}],"wp:featuredmedia":[{"embeddable":true,"href":"https:\/\/organiser.at\/kaos\/wp-json\/wp\/v2\/media\/778"}],"wp:attachment":[{"href":"https:\/\/organiser.at\/kaos\/wp-json\/wp\/v2\/media?parent=775"}],"wp:term":[{"taxonomy":"category","embeddable":true,"href":"https:\/\/organiser.at\/kaos\/wp-json\/wp\/v2\/categories?post=775"},{"taxonomy":"post_tag","embeddable":true,"href":"https:\/\/organiser.at\/kaos\/wp-json\/wp\/v2\/tags?post=775"}],"curies":[{"name":"wp","href":"https:\/\/api.w.org\/{rel}","templated":true}]}}