{"id":788,"date":"2019-12-12T21:30:15","date_gmt":"2019-12-12T20:30:15","guid":{"rendered":"http:\/\/organiser.at\/kaos\/?p=788"},"modified":"2021-03-04T09:37:00","modified_gmt":"2021-03-04T08:37:00","slug":"historien-om-hur-det-gick-till-nar-jag-fick-se-roxette","status":"publish","type":"post","link":"https:\/\/organiser.at\/kaos\/historien-om-hur-det-gick-till-nar-jag-fick-se-roxette\/","title":{"rendered":"Historien om hur det gick till n\u00e4r jag fick se Roxette"},"content":{"rendered":"\n<figure class=\"wp-block-image alignwide size-large\"><img loading=\"lazy\" decoding=\"async\" width=\"828\" height=\"448\" data-attachment-id=\"789\" data-permalink=\"https:\/\/organiser.at\/kaos\/historien-om-hur-det-gick-till-nar-jag-fick-se-roxette\/roxette_6891043653_live\/\" data-orig-file=\"https:\/\/i0.wp.com\/organiser.at\/kaos\/wp-content\/uploads\/2019\/12\/Roxette_6891043653_live.jpg?fit=828%2C448&amp;ssl=1\" data-orig-size=\"828,448\" data-comments-opened=\"1\" data-image-meta=\"{&quot;aperture&quot;:&quot;4&quot;,&quot;credit&quot;:&quot;Eva Rinaldi&quot;,&quot;camera&quot;:&quot;Canon EOS 40D&quot;,&quot;caption&quot;:&quot;&quot;,&quot;created_timestamp&quot;:&quot;1329512489&quot;,&quot;copyright&quot;:&quot;&quot;,&quot;focal_length&quot;:&quot;38&quot;,&quot;iso&quot;:&quot;1250&quot;,&quot;shutter_speed&quot;:&quot;0.004&quot;,&quot;title&quot;:&quot;&quot;,&quot;orientation&quot;:&quot;1&quot;}\" data-image-title=\"Roxette_6891043653_live\" data-image-description=\"\" data-image-caption=\"\" data-large-file=\"https:\/\/i0.wp.com\/organiser.at\/kaos\/wp-content\/uploads\/2019\/12\/Roxette_6891043653_live.jpg?fit=700%2C379&amp;ssl=1\" src=\"https:\/\/i2.wp.com\/organiser.at\/kaos\/wp-content\/uploads\/2019\/12\/Roxette_6891043653_live.jpg?fit=700%2C379\" alt=\"\" class=\"wp-image-789\" srcset=\"https:\/\/i0.wp.com\/organiser.at\/kaos\/wp-content\/uploads\/2019\/12\/Roxette_6891043653_live.jpg?w=828&amp;ssl=1 828w, https:\/\/i0.wp.com\/organiser.at\/kaos\/wp-content\/uploads\/2019\/12\/Roxette_6891043653_live.jpg?resize=300%2C162&amp;ssl=1 300w, https:\/\/i0.wp.com\/organiser.at\/kaos\/wp-content\/uploads\/2019\/12\/Roxette_6891043653_live.jpg?resize=700%2C379&amp;ssl=1 700w, https:\/\/i0.wp.com\/organiser.at\/kaos\/wp-content\/uploads\/2019\/12\/Roxette_6891043653_live.jpg?resize=768%2C416&amp;ssl=1 768w\" sizes=\"auto, (max-width: 828px) 100vw, 828px\" \/><figcaption>Eva Rinaldi [<a href=\"https:\/\/creativecommons.org\/licenses\/by-sa\/2.0\">CC BY-SA 2.0<\/a>], <a href=\"https:\/\/commons.wikimedia.org\/wiki\/File:Roxette_(6891043653).jpg\">via Wikimedia Commons<\/a><\/figcaption><\/figure>\n\n\n\n<p class=\"wp-block-paragraph\">1991 var <a href=\"http:\/\/organiser.at\/kaos\/marie-fredriksson-1958-2019\/\">Roxette<\/a> ute p\u00e5 sin <a href=\"https:\/\/en.wikipedia.org\/wiki\/Join_the_Joyride!_Tour\">Joyride-turn\u00e9<\/a> och jag vann en biljett till en av deras spelningar p\u00e5 <a href=\"https:\/\/www.sjohistoriska.se\/\">Sj\u00f6historiska museet<\/a> i Stockholm. <\/p>\n\n\n\n<p class=\"wp-block-paragraph\">Minns inte var jag vann biljetten. Kan ha varit en kv\u00e4llsblaska, men heller inte helt osannolikt att tidningen <a href=\"http:\/\/enmedia.se\/svenskapoptidningar\/?page_id=1267\">Okej<\/a> l\u00e5g bakom t\u00e4vlingen. Jag vann en del fr\u00e5n Okej n\u00e4r det begav sig. Ett par LP-skivor. En liten l\u00e5da med merch f\u00f6r <a href=\"https:\/\/www.imdb.com\/title\/tt0109068\/\">Airheads<\/a>, en film som jag fortfarande efter alla dessa \u00e5r inte har sett. Vilket kanske \u00e4r lika bra, den har ju inte precis h\u00f6ga procent p\u00e5 <a href=\"https:\/\/rottentomatoes.com\">Rotten Tomatoes<\/a>. Men jag avviker fr\u00e5n \u00e4mnet!<\/p>\n\n\n\n<p class=\"wp-block-paragraph\">Jag vann allts\u00e5 biljetten till en spelning i Stockholm. Tyv\u00e4rr bodde jag vid den tiden mitt ute i de <a href=\"http:\/\/nya.agunnaryd.se\/\">m\u00f6rkaste av sm\u00e5l\u00e4ndska skogar<\/a>. Tyv\u00e4rr var jag, vid en ringa \u00e5lder av blott tretton, alldeles f\u00f6r r\u00e4dd och os\u00e4ker f\u00f6r att \u00e5ka iv\u00e4g till huvudstaden alldeles sj\u00e4lv. Mina f\u00f6r\u00e4ldrar erbj\u00f6d sig att k\u00f6pa flygbiljett men jag var \u00e4ven flygr\u00e4dd. Ung, os\u00e4ker och flygr\u00e4dd. S\u00e5 det blev inget och jag \u00e5ngrade mig bittert, \u00e5tminstone en stund. Tre \u00e5r senare fick jag en ny chans, helt utan flygtv\u00e5ng.<\/p>\n\n\n\n<p class=\"wp-block-paragraph\"><a href=\"https:\/\/the.roxette.site\/sv\/calendar\/1994\">1994<\/a> \u00e5kte Roxette <a href=\"https:\/\/en.wikipedia.org\/wiki\/Crash!_Boom!_Bang!_Tour\">v\u00e4rlden runt med Crash! Boom! Bang!<\/a> och ett av stoppen var Sannarpshallen i Halmstad, p\u00e5 ben\u00e4get bilavst\u00e5nd fr\u00e5n den <a href=\"https:\/\/www.ljungby.se\/\">sm\u00e5stad vi d\u00e5 bodde i<\/a>. Mina f\u00f6r\u00e4ldrar k\u00f6rde mig till konserten, v\u00e4ntade utanf\u00f6r i bilen eller kanske k\u00f6rde de runt en stund. De \u00e4lskade verkligen att k\u00f6ra runt. G\u00e4rna p\u00e5 sm\u00e5v\u00e4gar, om s\u00e5dana fanns tillg\u00e4ngliga. <\/p>\n\n\n\n<p class=\"wp-block-paragraph\">Hur som helst.<\/p>\n\n\n\n<p class=\"wp-block-paragraph\">Den trettonde september 1994 (jag har kollat upp datumet p\u00e5 webben) fick jag allts\u00e5 \u00e4ntligen se Roxette live. <a href=\"http:\/\/www.hakanpettersson.se\/blogg.php?id=2557\">Brainpool<\/a> var f\u00f6rband. Jag <a href=\"https:\/\/www.setlist.fm\/stats\/average-setlist\/roxette-73d6ba39.html?tour=13d6fd39\">minns inte s\u00e5 mycket<\/a> av kv\u00e4llen, mer \u00e4n ungef\u00e4r hur lokalen s\u00e5g ut och att jag k\u00f6pte en turn\u00e9tr\u00f6ja. Och att jag \u00e4lskade konsterten. Jag minns inte mycket mer \u00e4n k\u00e4nslan av att det var en bra kv\u00e4ll.<\/p>\n\n\n\n<p class=\"wp-block-paragraph\">Det var f\u00f6rsta och enda g\u00e5ngen jag s\u00e5g Roxette spela live. Jag \u00f6nskar det hade blivit fler, givetvis, fast ska man ha sett Roxette vid ett enda tillf\u00e4lle s\u00e5 k\u00e4nns Halmstad som helt r\u00e4tt plats.<\/p>\n\n\n\n<p class=\"wp-block-paragraph\">Jag hamnade p\u00e5 Sj\u00f6historiska f\u00f6r konsert till slut, tack vare <a href=\"http:\/\/kent.nu\/\">Kent<\/a>. \u00c5ret var 2012 och det <a href=\"https:\/\/www.setlist.fm\/setlist\/kent\/2012\/sjohistoriska-museet-stockholm-sweden-3bdc1088.html\">\u00e4r en historia<\/a> f\u00f6r en annan dag.<\/p>\n","protected":false},"excerpt":{"rendered":"<p>1991 var Roxette ute p\u00e5 sin Joyride-turn\u00e9 och jag vann en biljett till en av deras spelningar p\u00e5 Sj\u00f6historiska museet i Stockholm. Minns inte var jag vann biljetten. Kan ha varit en kv\u00e4llsblaska, men heller inte helt osannolikt att tidningen Okej l\u00e5g bakom t\u00e4vlingen. Jag vann en del fr\u00e5n Okej n\u00e4r det begav sig. Ett [&hellip;]<\/p>\n","protected":false},"author":1,"featured_media":789,"comment_status":"open","ping_status":"open","sticky":false,"template":"","format":"standard","meta":{"_coblocks_attr":"","_coblocks_dimensions":"","_coblocks_responsive_height":"","_coblocks_accordion_ie_support":"","_crdt_document":"","_jetpack_memberships_contains_paid_content":false,"footnotes":"","_links_to":"","_links_to_target":""},"categories":[20],"tags":[23,24,22,27],"class_list":["post-788","post","type-post","status-publish","format-standard","has-post-thumbnail","hentry","category-musik","tag-marie-fredriksson","tag-per-gessle","tag-roxette","tag-turne"],"blocksy_meta":[],"yoast_head":"<!-- This site is optimized with the Yoast SEO plugin v27.5 - https:\/\/yoast.com\/product\/yoast-seo-wordpress\/ -->\n<title>Historien om hur det gick till n\u00e4r jag fick se Roxette - Organiserat kaos<\/title>\n<meta name=\"robots\" content=\"index, follow, max-snippet:-1, max-image-preview:large, max-video-preview:-1\" \/>\n<link rel=\"canonical\" href=\"https:\/\/organiser.at\/kaos\/historien-om-hur-det-gick-till-nar-jag-fick-se-roxette\/\" \/>\n<meta property=\"og:locale\" content=\"sv_SE\" \/>\n<meta property=\"og:type\" content=\"article\" \/>\n<meta property=\"og:title\" content=\"Historien om hur det gick till n\u00e4r jag fick se Roxette - Organiserat kaos\" \/>\n<meta property=\"og:description\" content=\"1991 var Roxette ute p\u00e5 sin Joyride-turn\u00e9 och jag vann en biljett till en av deras spelningar p\u00e5 Sj\u00f6historiska museet i Stockholm. Minns inte var jag vann biljetten. Kan ha varit en kv\u00e4llsblaska, men heller inte helt osannolikt att tidningen Okej l\u00e5g bakom t\u00e4vlingen. Jag vann en del fr\u00e5n Okej n\u00e4r det begav sig. Ett [&hellip;]\" \/>\n<meta property=\"og:url\" content=\"https:\/\/organiser.at\/kaos\/historien-om-hur-det-gick-till-nar-jag-fick-se-roxette\/\" \/>\n<meta property=\"og:site_name\" content=\"Organiserat kaos\" \/>\n<meta property=\"article:published_time\" content=\"2019-12-12T20:30:15+00:00\" \/>\n<meta property=\"article:modified_time\" content=\"2021-03-04T08:37:00+00:00\" \/>\n<meta property=\"og:image\" content=\"https:\/\/i2.wp.com\/organiser.at\/kaos\/wp-content\/uploads\/2019\/12\/Roxette_6891043653_live.jpg?fit=700%2C379\" \/>\n<meta name=\"author\" content=\"Fredrik\" \/>\n<meta name=\"twitter:card\" content=\"summary_large_image\" \/>\n<meta name=\"twitter:label1\" content=\"Skriven av\" \/>\n\t<meta name=\"twitter:data1\" content=\"Fredrik\" \/>\n\t<meta name=\"twitter:label2\" content=\"Ber\u00e4knad l\u00e4stid\" \/>\n\t<meta name=\"twitter:data2\" content=\"2 minuter\" \/>\n<script type=\"application\/ld+json\" class=\"yoast-schema-graph\">{\"@context\":\"https:\\\/\\\/schema.org\",\"@graph\":[{\"@type\":\"Article\",\"@id\":\"https:\\\/\\\/organiser.at\\\/kaos\\\/historien-om-hur-det-gick-till-nar-jag-fick-se-roxette\\\/#article\",\"isPartOf\":{\"@id\":\"https:\\\/\\\/organiser.at\\\/kaos\\\/historien-om-hur-det-gick-till-nar-jag-fick-se-roxette\\\/\"},\"author\":{\"name\":\"Fredrik\",\"@id\":\"https:\\\/\\\/organiser.at\\\/kaos\\\/#\\\/schema\\\/person\\\/cd9414ba28539374bab80eecb7479d94\"},\"headline\":\"Historien om hur det gick till n\u00e4r jag fick se Roxette\",\"datePublished\":\"2019-12-12T20:30:15+00:00\",\"dateModified\":\"2021-03-04T08:37:00+00:00\",\"mainEntityOfPage\":{\"@id\":\"https:\\\/\\\/organiser.at\\\/kaos\\\/historien-om-hur-det-gick-till-nar-jag-fick-se-roxette\\\/\"},\"wordCount\":438,\"commentCount\":0,\"publisher\":{\"@id\":\"https:\\\/\\\/organiser.at\\\/kaos\\\/#organization\"},\"image\":{\"@id\":\"https:\\\/\\\/organiser.at\\\/kaos\\\/historien-om-hur-det-gick-till-nar-jag-fick-se-roxette\\\/#primaryimage\"},\"thumbnailUrl\":\"https:\\\/\\\/i0.wp.com\\\/organiser.at\\\/kaos\\\/wp-content\\\/uploads\\\/2019\\\/12\\\/Roxette_6891043653_live.jpg?fit=828%2C448&ssl=1\",\"keywords\":[\"marie fredriksson\",\"per gessle\",\"roxette\",\"turn\u00e9\"],\"articleSection\":[\"Musik\"],\"inLanguage\":\"sv-SE\",\"potentialAction\":[{\"@type\":\"CommentAction\",\"name\":\"Comment\",\"target\":[\"https:\\\/\\\/organiser.at\\\/kaos\\\/historien-om-hur-det-gick-till-nar-jag-fick-se-roxette\\\/#respond\"]}]},{\"@type\":\"WebPage\",\"@id\":\"https:\\\/\\\/organiser.at\\\/kaos\\\/historien-om-hur-det-gick-till-nar-jag-fick-se-roxette\\\/\",\"url\":\"https:\\\/\\\/organiser.at\\\/kaos\\\/historien-om-hur-det-gick-till-nar-jag-fick-se-roxette\\\/\",\"name\":\"Historien om hur det gick till n\u00e4r jag fick se Roxette - Organiserat kaos\",\"isPartOf\":{\"@id\":\"https:\\\/\\\/organiser.at\\\/kaos\\\/#website\"},\"primaryImageOfPage\":{\"@id\":\"https:\\\/\\\/organiser.at\\\/kaos\\\/historien-om-hur-det-gick-till-nar-jag-fick-se-roxette\\\/#primaryimage\"},\"image\":{\"@id\":\"https:\\\/\\\/organiser.at\\\/kaos\\\/historien-om-hur-det-gick-till-nar-jag-fick-se-roxette\\\/#primaryimage\"},\"thumbnailUrl\":\"https:\\\/\\\/i0.wp.com\\\/organiser.at\\\/kaos\\\/wp-content\\\/uploads\\\/2019\\\/12\\\/Roxette_6891043653_live.jpg?fit=828%2C448&ssl=1\",\"datePublished\":\"2019-12-12T20:30:15+00:00\",\"dateModified\":\"2021-03-04T08:37:00+00:00\",\"breadcrumb\":{\"@id\":\"https:\\\/\\\/organiser.at\\\/kaos\\\/historien-om-hur-det-gick-till-nar-jag-fick-se-roxette\\\/#breadcrumb\"},\"inLanguage\":\"sv-SE\",\"potentialAction\":[{\"@type\":\"ReadAction\",\"target\":[\"https:\\\/\\\/organiser.at\\\/kaos\\\/historien-om-hur-det-gick-till-nar-jag-fick-se-roxette\\\/\"]}]},{\"@type\":\"ImageObject\",\"inLanguage\":\"sv-SE\",\"@id\":\"https:\\\/\\\/organiser.at\\\/kaos\\\/historien-om-hur-det-gick-till-nar-jag-fick-se-roxette\\\/#primaryimage\",\"url\":\"https:\\\/\\\/i0.wp.com\\\/organiser.at\\\/kaos\\\/wp-content\\\/uploads\\\/2019\\\/12\\\/Roxette_6891043653_live.jpg?fit=828%2C448&ssl=1\",\"contentUrl\":\"https:\\\/\\\/i0.wp.com\\\/organiser.at\\\/kaos\\\/wp-content\\\/uploads\\\/2019\\\/12\\\/Roxette_6891043653_live.jpg?fit=828%2C448&ssl=1\",\"width\":828,\"height\":448},{\"@type\":\"BreadcrumbList\",\"@id\":\"https:\\\/\\\/organiser.at\\\/kaos\\\/historien-om-hur-det-gick-till-nar-jag-fick-se-roxette\\\/#breadcrumb\",\"itemListElement\":[{\"@type\":\"ListItem\",\"position\":1,\"name\":\"Hem\",\"item\":\"https:\\\/\\\/organiser.at\\\/kaos\\\/\"},{\"@type\":\"ListItem\",\"position\":2,\"name\":\"Historien om hur det gick till n\u00e4r jag fick se Roxette\"}]},{\"@type\":\"WebSite\",\"@id\":\"https:\\\/\\\/organiser.at\\\/kaos\\\/#website\",\"url\":\"https:\\\/\\\/organiser.at\\\/kaos\\\/\",\"name\":\"Organiserat kaos\",\"description\":\"mer \u00e4n bara ett vackert sk\u00e4gg\",\"publisher\":{\"@id\":\"https:\\\/\\\/organiser.at\\\/kaos\\\/#organization\"},\"potentialAction\":[{\"@type\":\"SearchAction\",\"target\":{\"@type\":\"EntryPoint\",\"urlTemplate\":\"https:\\\/\\\/organiser.at\\\/kaos\\\/?s={search_term_string}\"},\"query-input\":{\"@type\":\"PropertyValueSpecification\",\"valueRequired\":true,\"valueName\":\"search_term_string\"}}],\"inLanguage\":\"sv-SE\"},{\"@type\":\"Organization\",\"@id\":\"https:\\\/\\\/organiser.at\\\/kaos\\\/#organization\",\"name\":\"Organiserat kaos\",\"url\":\"https:\\\/\\\/organiser.at\\\/kaos\\\/\",\"logo\":{\"@type\":\"ImageObject\",\"inLanguage\":\"sv-SE\",\"@id\":\"https:\\\/\\\/organiser.at\\\/kaos\\\/#\\\/schema\\\/logo\\\/image\\\/\",\"url\":\"https:\\\/\\\/i0.wp.com\\\/organiser.at\\\/kaos\\\/wp-content\\\/uploads\\\/2020\\\/11\\\/organiserat_kaos_logo_liten.png?fit=595%2C80&ssl=1\",\"contentUrl\":\"https:\\\/\\\/i0.wp.com\\\/organiser.at\\\/kaos\\\/wp-content\\\/uploads\\\/2020\\\/11\\\/organiserat_kaos_logo_liten.png?fit=595%2C80&ssl=1\",\"width\":595,\"height\":80,\"caption\":\"Organiserat kaos\"},\"image\":{\"@id\":\"https:\\\/\\\/organiser.at\\\/kaos\\\/#\\\/schema\\\/logo\\\/image\\\/\"}},{\"@type\":\"Person\",\"@id\":\"https:\\\/\\\/organiser.at\\\/kaos\\\/#\\\/schema\\\/person\\\/cd9414ba28539374bab80eecb7479d94\",\"name\":\"Fredrik\",\"image\":{\"@type\":\"ImageObject\",\"inLanguage\":\"sv-SE\",\"@id\":\"https:\\\/\\\/secure.gravatar.com\\\/avatar\\\/4ec97bb1e560a1aff3ceed4e8f4ce2b4b582007ec5a18f559c281739eeb87f34?s=96&d=mm&r=g\",\"url\":\"https:\\\/\\\/secure.gravatar.com\\\/avatar\\\/4ec97bb1e560a1aff3ceed4e8f4ce2b4b582007ec5a18f559c281739eeb87f34?s=96&d=mm&r=g\",\"contentUrl\":\"https:\\\/\\\/secure.gravatar.com\\\/avatar\\\/4ec97bb1e560a1aff3ceed4e8f4ce2b4b582007ec5a18f559c281739eeb87f34?s=96&d=mm&r=g\",\"caption\":\"Fredrik\"},\"url\":\"https:\\\/\\\/organiser.at\\\/kaos\\\/author\\\/fredrik\\\/\"}]}<\/script>\n<!-- \/ Yoast SEO plugin. -->","yoast_head_json":{"title":"Historien om hur det gick till n\u00e4r jag fick se Roxette - Organiserat kaos","robots":{"index":"index","follow":"follow","max-snippet":"max-snippet:-1","max-image-preview":"max-image-preview:large","max-video-preview":"max-video-preview:-1"},"canonical":"https:\/\/organiser.at\/kaos\/historien-om-hur-det-gick-till-nar-jag-fick-se-roxette\/","og_locale":"sv_SE","og_type":"article","og_title":"Historien om hur det gick till n\u00e4r jag fick se Roxette - Organiserat kaos","og_description":"1991 var Roxette ute p\u00e5 sin Joyride-turn\u00e9 och jag vann en biljett till en av deras spelningar p\u00e5 Sj\u00f6historiska museet i Stockholm. Minns inte var jag vann biljetten. Kan ha varit en kv\u00e4llsblaska, men heller inte helt osannolikt att tidningen Okej l\u00e5g bakom t\u00e4vlingen. Jag vann en del fr\u00e5n Okej n\u00e4r det begav sig. Ett [&hellip;]","og_url":"https:\/\/organiser.at\/kaos\/historien-om-hur-det-gick-till-nar-jag-fick-se-roxette\/","og_site_name":"Organiserat kaos","article_published_time":"2019-12-12T20:30:15+00:00","article_modified_time":"2021-03-04T08:37:00+00:00","og_image":[{"url":"https:\/\/i2.wp.com\/organiser.at\/kaos\/wp-content\/uploads\/2019\/12\/Roxette_6891043653_live.jpg?fit=700%2C379","type":"","width":"","height":""}],"author":"Fredrik","twitter_card":"summary_large_image","twitter_misc":{"Skriven av":"Fredrik","Ber\u00e4knad l\u00e4stid":"2 minuter"},"schema":{"@context":"https:\/\/schema.org","@graph":[{"@type":"Article","@id":"https:\/\/organiser.at\/kaos\/historien-om-hur-det-gick-till-nar-jag-fick-se-roxette\/#article","isPartOf":{"@id":"https:\/\/organiser.at\/kaos\/historien-om-hur-det-gick-till-nar-jag-fick-se-roxette\/"},"author":{"name":"Fredrik","@id":"https:\/\/organiser.at\/kaos\/#\/schema\/person\/cd9414ba28539374bab80eecb7479d94"},"headline":"Historien om hur det gick till n\u00e4r jag fick se Roxette","datePublished":"2019-12-12T20:30:15+00:00","dateModified":"2021-03-04T08:37:00+00:00","mainEntityOfPage":{"@id":"https:\/\/organiser.at\/kaos\/historien-om-hur-det-gick-till-nar-jag-fick-se-roxette\/"},"wordCount":438,"commentCount":0,"publisher":{"@id":"https:\/\/organiser.at\/kaos\/#organization"},"image":{"@id":"https:\/\/organiser.at\/kaos\/historien-om-hur-det-gick-till-nar-jag-fick-se-roxette\/#primaryimage"},"thumbnailUrl":"https:\/\/i0.wp.com\/organiser.at\/kaos\/wp-content\/uploads\/2019\/12\/Roxette_6891043653_live.jpg?fit=828%2C448&ssl=1","keywords":["marie fredriksson","per gessle","roxette","turn\u00e9"],"articleSection":["Musik"],"inLanguage":"sv-SE","potentialAction":[{"@type":"CommentAction","name":"Comment","target":["https:\/\/organiser.at\/kaos\/historien-om-hur-det-gick-till-nar-jag-fick-se-roxette\/#respond"]}]},{"@type":"WebPage","@id":"https:\/\/organiser.at\/kaos\/historien-om-hur-det-gick-till-nar-jag-fick-se-roxette\/","url":"https:\/\/organiser.at\/kaos\/historien-om-hur-det-gick-till-nar-jag-fick-se-roxette\/","name":"Historien om hur det gick till n\u00e4r jag fick se Roxette - Organiserat kaos","isPartOf":{"@id":"https:\/\/organiser.at\/kaos\/#website"},"primaryImageOfPage":{"@id":"https:\/\/organiser.at\/kaos\/historien-om-hur-det-gick-till-nar-jag-fick-se-roxette\/#primaryimage"},"image":{"@id":"https:\/\/organiser.at\/kaos\/historien-om-hur-det-gick-till-nar-jag-fick-se-roxette\/#primaryimage"},"thumbnailUrl":"https:\/\/i0.wp.com\/organiser.at\/kaos\/wp-content\/uploads\/2019\/12\/Roxette_6891043653_live.jpg?fit=828%2C448&ssl=1","datePublished":"2019-12-12T20:30:15+00:00","dateModified":"2021-03-04T08:37:00+00:00","breadcrumb":{"@id":"https:\/\/organiser.at\/kaos\/historien-om-hur-det-gick-till-nar-jag-fick-se-roxette\/#breadcrumb"},"inLanguage":"sv-SE","potentialAction":[{"@type":"ReadAction","target":["https:\/\/organiser.at\/kaos\/historien-om-hur-det-gick-till-nar-jag-fick-se-roxette\/"]}]},{"@type":"ImageObject","inLanguage":"sv-SE","@id":"https:\/\/organiser.at\/kaos\/historien-om-hur-det-gick-till-nar-jag-fick-se-roxette\/#primaryimage","url":"https:\/\/i0.wp.com\/organiser.at\/kaos\/wp-content\/uploads\/2019\/12\/Roxette_6891043653_live.jpg?fit=828%2C448&ssl=1","contentUrl":"https:\/\/i0.wp.com\/organiser.at\/kaos\/wp-content\/uploads\/2019\/12\/Roxette_6891043653_live.jpg?fit=828%2C448&ssl=1","width":828,"height":448},{"@type":"BreadcrumbList","@id":"https:\/\/organiser.at\/kaos\/historien-om-hur-det-gick-till-nar-jag-fick-se-roxette\/#breadcrumb","itemListElement":[{"@type":"ListItem","position":1,"name":"Hem","item":"https:\/\/organiser.at\/kaos\/"},{"@type":"ListItem","position":2,"name":"Historien om hur det gick till n\u00e4r jag fick se Roxette"}]},{"@type":"WebSite","@id":"https:\/\/organiser.at\/kaos\/#website","url":"https:\/\/organiser.at\/kaos\/","name":"Organiserat kaos","description":"mer \u00e4n bara ett vackert sk\u00e4gg","publisher":{"@id":"https:\/\/organiser.at\/kaos\/#organization"},"potentialAction":[{"@type":"SearchAction","target":{"@type":"EntryPoint","urlTemplate":"https:\/\/organiser.at\/kaos\/?s={search_term_string}"},"query-input":{"@type":"PropertyValueSpecification","valueRequired":true,"valueName":"search_term_string"}}],"inLanguage":"sv-SE"},{"@type":"Organization","@id":"https:\/\/organiser.at\/kaos\/#organization","name":"Organiserat kaos","url":"https:\/\/organiser.at\/kaos\/","logo":{"@type":"ImageObject","inLanguage":"sv-SE","@id":"https:\/\/organiser.at\/kaos\/#\/schema\/logo\/image\/","url":"https:\/\/i0.wp.com\/organiser.at\/kaos\/wp-content\/uploads\/2020\/11\/organiserat_kaos_logo_liten.png?fit=595%2C80&ssl=1","contentUrl":"https:\/\/i0.wp.com\/organiser.at\/kaos\/wp-content\/uploads\/2020\/11\/organiserat_kaos_logo_liten.png?fit=595%2C80&ssl=1","width":595,"height":80,"caption":"Organiserat kaos"},"image":{"@id":"https:\/\/organiser.at\/kaos\/#\/schema\/logo\/image\/"}},{"@type":"Person","@id":"https:\/\/organiser.at\/kaos\/#\/schema\/person\/cd9414ba28539374bab80eecb7479d94","name":"Fredrik","image":{"@type":"ImageObject","inLanguage":"sv-SE","@id":"https:\/\/secure.gravatar.com\/avatar\/4ec97bb1e560a1aff3ceed4e8f4ce2b4b582007ec5a18f559c281739eeb87f34?s=96&d=mm&r=g","url":"https:\/\/secure.gravatar.com\/avatar\/4ec97bb1e560a1aff3ceed4e8f4ce2b4b582007ec5a18f559c281739eeb87f34?s=96&d=mm&r=g","contentUrl":"https:\/\/secure.gravatar.com\/avatar\/4ec97bb1e560a1aff3ceed4e8f4ce2b4b582007ec5a18f559c281739eeb87f34?s=96&d=mm&r=g","caption":"Fredrik"},"url":"https:\/\/organiser.at\/kaos\/author\/fredrik\/"}]}},"jetpack_featured_media_url":"https:\/\/i0.wp.com\/organiser.at\/kaos\/wp-content\/uploads\/2019\/12\/Roxette_6891043653_live.jpg?fit=828%2C448&ssl=1","blog_post_layout_featured_media_urls":{"thumbnail":["https:\/\/i0.wp.com\/organiser.at\/kaos\/wp-content\/uploads\/2019\/12\/Roxette_6891043653_live.jpg?resize=150%2C150&ssl=1",150,150,true],"full":["https:\/\/i0.wp.com\/organiser.at\/kaos\/wp-content\/uploads\/2019\/12\/Roxette_6891043653_live.jpg?fit=828%2C448&ssl=1",828,448,false]},"categories_names":{"20":{"name":"Musik","link":"https:\/\/organiser.at\/kaos\/kategori\/musik\/"}},"tags_names":{"23":{"name":"marie fredriksson","link":"https:\/\/organiser.at\/kaos\/etikett\/marie-fredriksson\/"},"24":{"name":"per gessle","link":"https:\/\/organiser.at\/kaos\/etikett\/per-gessle\/"},"22":{"name":"roxette","link":"https:\/\/organiser.at\/kaos\/etikett\/roxette\/"},"27":{"name":"turn\u00e9","link":"https:\/\/organiser.at\/kaos\/etikett\/turne\/"}},"comments_number":"0","jetpack_sharing_enabled":true,"jetpack_shortlink":"https:\/\/wp.me\/p7PBTu-cI","jetpack_likes_enabled":true,"_links":{"self":[{"href":"https:\/\/organiser.at\/kaos\/wp-json\/wp\/v2\/posts\/788","targetHints":{"allow":["GET"]}}],"collection":[{"href":"https:\/\/organiser.at\/kaos\/wp-json\/wp\/v2\/posts"}],"about":[{"href":"https:\/\/organiser.at\/kaos\/wp-json\/wp\/v2\/types\/post"}],"author":[{"embeddable":true,"href":"https:\/\/organiser.at\/kaos\/wp-json\/wp\/v2\/users\/1"}],"replies":[{"embeddable":true,"href":"https:\/\/organiser.at\/kaos\/wp-json\/wp\/v2\/comments?post=788"}],"version-history":[{"count":6,"href":"https:\/\/organiser.at\/kaos\/wp-json\/wp\/v2\/posts\/788\/revisions"}],"predecessor-version":[{"id":1528,"href":"https:\/\/organiser.at\/kaos\/wp-json\/wp\/v2\/posts\/788\/revisions\/1528"}],"wp:featuredmedia":[{"embeddable":true,"href":"https:\/\/organiser.at\/kaos\/wp-json\/wp\/v2\/media\/789"}],"wp:attachment":[{"href":"https:\/\/organiser.at\/kaos\/wp-json\/wp\/v2\/media?parent=788"}],"wp:term":[{"taxonomy":"category","embeddable":true,"href":"https:\/\/organiser.at\/kaos\/wp-json\/wp\/v2\/categories?post=788"},{"taxonomy":"post_tag","embeddable":true,"href":"https:\/\/organiser.at\/kaos\/wp-json\/wp\/v2\/tags?post=788"}],"curies":[{"name":"wp","href":"https:\/\/api.w.org\/{rel}","templated":true}]}}