{"id":828,"date":"2020-02-17T20:34:17","date_gmt":"2020-02-17T19:34:17","guid":{"rendered":"http:\/\/organiser.at\/kaos\/?p=828"},"modified":"2020-02-17T20:40:55","modified_gmt":"2020-02-17T19:40:55","slug":"walid-raad-pa-moderna-museet","status":"publish","type":"post","link":"https:\/\/organiser.at\/kaos\/walid-raad-pa-moderna-museet\/","title":{"rendered":"Walid Raad p\u00e5 Moderna Mus\u00e9et"},"content":{"rendered":"\n<p class=\"wp-block-paragraph\">I torsdags fick jag, lite s\u00e5d\u00e4r i elfte timmen, m\u00f6jlighet att g\u00e5 p\u00e5 vernissage p\u00e5 <a href=\"https:\/\/www.modernamuseet.se\/stockholm\/sv\/\">Moderna Mus\u00e9et i Stockholm<\/a>. Konstn\u00e4ren var ok\u00e4nd f\u00f6r mig men l\u00e4t tillr\u00e4ckligt intressant f\u00f6r att jag skulle acceptera tillf\u00e4llet. Jag blev inte besviken.<\/p>\n\n\n\n<div class=\"wp-block-image is-style-default\"><figure class=\"alignright size-medium\"><img data-recalc-dims=\"1\" loading=\"lazy\" decoding=\"async\" width=\"240\" height=\"300\" data-attachment-id=\"855\" data-permalink=\"https:\/\/organiser.at\/kaos\/walid-raad-pa-moderna-museet\/walid-raad\/\" data-orig-file=\"https:\/\/i0.wp.com\/organiser.at\/kaos\/wp-content\/uploads\/2020\/02\/Walid-Raad.jpg?fit=614%2C768&amp;ssl=1\" data-orig-size=\"614,768\" data-comments-opened=\"1\" data-image-meta=\"{&quot;aperture&quot;:&quot;0&quot;,&quot;credit&quot;:&quot;&quot;,&quot;camera&quot;:&quot;&quot;,&quot;caption&quot;:&quot;&quot;,&quot;created_timestamp&quot;:&quot;0&quot;,&quot;copyright&quot;:&quot;&quot;,&quot;focal_length&quot;:&quot;0&quot;,&quot;iso&quot;:&quot;0&quot;,&quot;shutter_speed&quot;:&quot;0&quot;,&quot;title&quot;:&quot;&quot;,&quot;orientation&quot;:&quot;1&quot;}\" data-image-title=\"Walid-Raad\" data-image-description=\"\" data-image-caption=\"\" data-large-file=\"https:\/\/i0.wp.com\/organiser.at\/kaos\/wp-content\/uploads\/2020\/02\/Walid-Raad.jpg?fit=614%2C768&amp;ssl=1\" src=\"https:\/\/i0.wp.com\/organiser.at\/kaos\/wp-content\/uploads\/2020\/02\/Walid-Raad-240x300.jpg?resize=240%2C300\" alt=\"BIld p\u00e5 konstn\u00e4ren Walid Raad, h\u00e5llandes vad som ser ut som en tavla eller m\u00f6jligtvis plakett.\" class=\"wp-image-855\" srcset=\"https:\/\/i0.wp.com\/organiser.at\/kaos\/wp-content\/uploads\/2020\/02\/Walid-Raad.jpg?resize=240%2C300&amp;ssl=1 240w, https:\/\/i0.wp.com\/organiser.at\/kaos\/wp-content\/uploads\/2020\/02\/Walid-Raad.jpg?w=614&amp;ssl=1 614w\" sizes=\"auto, (max-width: 240px) 100vw, 240px\" \/><figcaption>Baserat p\u00e5 <a title=\"\" style=\"\" href=\"https:\/\/www.flickr.com\/photos\/swedennewyork\/5512445243\">foto<\/a> av <a href=\"https:\/\/www.flickr.com\/photos\/swedennewyork\/\">swedennewyork<\/a>,<br>publicerat under <a href=\"https:\/\/creativecommons.org\/licenses\/by-nc\/2.0\/\">Creative Commons<\/a>.<\/figcaption><\/figure><\/div>\n\n\n\n<p class=\"wp-block-paragraph\"><a href=\"https:\/\/en.wikipedia.org\/wiki\/Walid_Raad\">Walid Raad<\/a> \u00e4r en libanesisk, New York-baserad, konstn\u00e4r som anv\u00e4nder sig av en m\u00e4ngd olika tekniker. Personen som introducerade <a href=\"https:\/\/www.modernamuseet.se\/stockholm\/sv\/utstallningar\/walid-raad\/\">utst\u00e4llningen<\/a> pratade bland annat om hur Raads utg\u00e5ngspunkt \u00e4r att skildra verkligheten men om verkligheten inte st\u00e4mmer \u00f6verrens med hans vision, d\u00e5 har han ingenting emot att hitta p\u00e5. Ungef\u00e4r s\u00e5. Det inneb\u00e4r att du aldrig riktigt kan vara s\u00e4ker p\u00e5 vad som \u00e4r fakta och vad som \u00e4r fiktion.<\/p>\n\n\n\n<p class=\"wp-block-paragraph\">Jag \u00e4lskar det h\u00e4r. Att blanda verkligheten med fantasi, att skildra v\u00e5r v\u00e4rld med icke-naturliga inslag, \u00e4r en typ av koncept som jag \u00e4lskar mer \u00e4n mycket annat. Och Raad g\u00f6r det s\u00e5 j\u00e4vla bra.<\/p>\n\n\n\n<div class=\"wp-block-image\"><figure class=\"alignleft size-medium\"><img data-recalc-dims=\"1\" loading=\"lazy\" decoding=\"async\" width=\"300\" height=\"240\" data-attachment-id=\"856\" data-permalink=\"https:\/\/organiser.at\/kaos\/walid-raad-pa-moderna-museet\/walid-raad_02\/\" data-orig-file=\"https:\/\/i0.wp.com\/organiser.at\/kaos\/wp-content\/uploads\/2020\/02\/Walid-Raad_02.jpg?fit=960%2C768&amp;ssl=1\" data-orig-size=\"960,768\" data-comments-opened=\"1\" data-image-meta=\"{&quot;aperture&quot;:&quot;0&quot;,&quot;credit&quot;:&quot;&quot;,&quot;camera&quot;:&quot;&quot;,&quot;caption&quot;:&quot;&quot;,&quot;created_timestamp&quot;:&quot;0&quot;,&quot;copyright&quot;:&quot;&quot;,&quot;focal_length&quot;:&quot;0&quot;,&quot;iso&quot;:&quot;0&quot;,&quot;shutter_speed&quot;:&quot;0&quot;,&quot;title&quot;:&quot;&quot;,&quot;orientation&quot;:&quot;1&quot;}\" data-image-title=\"Walid-Raad_02\" data-image-description=\"\" data-image-caption=\"\" data-large-file=\"https:\/\/i0.wp.com\/organiser.at\/kaos\/wp-content\/uploads\/2020\/02\/Walid-Raad_02.jpg?fit=700%2C560&amp;ssl=1\" src=\"https:\/\/i0.wp.com\/organiser.at\/kaos\/wp-content\/uploads\/2020\/02\/Walid-Raad_02-300x240.jpg?resize=300%2C240\" alt=\"Ett g\u00e4ng tavlor p\u00e5 en v\u00e4gg.\" class=\"wp-image-856\" srcset=\"https:\/\/i0.wp.com\/organiser.at\/kaos\/wp-content\/uploads\/2020\/02\/Walid-Raad_02.jpg?resize=300%2C240&amp;ssl=1 300w, https:\/\/i0.wp.com\/organiser.at\/kaos\/wp-content\/uploads\/2020\/02\/Walid-Raad_02.jpg?resize=700%2C560&amp;ssl=1 700w, https:\/\/i0.wp.com\/organiser.at\/kaos\/wp-content\/uploads\/2020\/02\/Walid-Raad_02.jpg?resize=768%2C614&amp;ssl=1 768w, https:\/\/i0.wp.com\/organiser.at\/kaos\/wp-content\/uploads\/2020\/02\/Walid-Raad_02.jpg?w=960&amp;ssl=1 960w\" sizes=\"auto, (max-width: 300px) 100vw, 300px\" \/><\/figure><\/div>\n\n\n\n<p class=\"wp-block-paragraph\">Han m\u00e5lar upp en historia kring n\u00e5gra tavlor i Moderna Mus\u00e9ets k\u00e4llare om jag f\u00f6rst tog f\u00f6r helt sann. Han har fotografier med tillh\u00f6rande historier som l\u00e5ter absolut m\u00f6jliga men antagligen, troligen, gissningvis inneh\u00e5ller en hel del p\u00e5hitt. Mest fascinerande blir det n\u00e4r han skildrar en serie objekt med en text som egentligen \u00e4r alldeles uppenbart p\u00e5hittad, eftersom det handlar om mystik och \u00f6vernaturligheter, men eftersom jag redan befann mig i en ocean av tvivel hann jag tvivla \u00e4ven h\u00e4r. De andra historierna kunde vara sanna, s\u00e5 varf\u00f6r inte denna?<\/p>\n\n\n\n<div class=\"wp-block-image\"><figure class=\"alignright size-medium is-resized\"><img data-recalc-dims=\"1\" loading=\"lazy\" decoding=\"async\" data-attachment-id=\"857\" data-permalink=\"https:\/\/organiser.at\/kaos\/walid-raad-pa-moderna-museet\/walid-raad_04\/\" data-orig-file=\"https:\/\/i0.wp.com\/organiser.at\/kaos\/wp-content\/uploads\/2020\/02\/Walid-Raad_04.jpg?fit=614%2C768&amp;ssl=1\" data-orig-size=\"614,768\" data-comments-opened=\"1\" data-image-meta=\"{&quot;aperture&quot;:&quot;0&quot;,&quot;credit&quot;:&quot;&quot;,&quot;camera&quot;:&quot;&quot;,&quot;caption&quot;:&quot;&quot;,&quot;created_timestamp&quot;:&quot;0&quot;,&quot;copyright&quot;:&quot;&quot;,&quot;focal_length&quot;:&quot;0&quot;,&quot;iso&quot;:&quot;0&quot;,&quot;shutter_speed&quot;:&quot;0&quot;,&quot;title&quot;:&quot;&quot;,&quot;orientation&quot;:&quot;1&quot;}\" data-image-title=\"Walid-Raad_04\" data-image-description=\"\" data-image-caption=\"\" data-large-file=\"https:\/\/i0.wp.com\/organiser.at\/kaos\/wp-content\/uploads\/2020\/02\/Walid-Raad_04.jpg?fit=614%2C768&amp;ssl=1\" src=\"https:\/\/i0.wp.com\/organiser.at\/kaos\/wp-content\/uploads\/2020\/02\/Walid-Raad_04-240x300.jpg?resize=181%2C250\" alt=\"Inramat blad ur anteckningsblock, med ett litet fotografi och flera anteckningar runtomkring.\" class=\"wp-image-857\" width=\"181\" height=\"250\"\/><\/figure><\/div>\n\n\n\n<p class=\"wp-block-paragraph\">Konst som g\u00f6ra s\u00e5dana danser i mitt huvud \u00e4r den b\u00e4sta konsten.<\/p>\n\n\n\n<p class=\"wp-block-paragraph\">I utst\u00e4llningen ing\u00e5ng \u00e4ven en performance-del som tyv\u00e4rr inte visades upp p\u00e5 vernissaget, men som tydligen ska framf\u00f6ras n\u00e5gra g\u00e5nger under v\u00e5ren. Jag misst\u00e4nker att den kommer vara f\u00f6rbaskat sev\u00e4rd.<\/p>\n","protected":false},"excerpt":{"rendered":"<p>I torsdags fick jag, lite s\u00e5d\u00e4r i elfte timmen, m\u00f6jlighet att g\u00e5 p\u00e5 vernissage p\u00e5 Moderna Mus\u00e9et i Stockholm. Konstn\u00e4ren var ok\u00e4nd f\u00f6r mig men l\u00e4t tillr\u00e4ckligt intressant f\u00f6r att jag skulle acceptera tillf\u00e4llet. Jag blev inte besviken. Walid Raad \u00e4r en libanesisk, New York-baserad, konstn\u00e4r som anv\u00e4nder sig av en m\u00e4ngd olika tekniker. Personen [&hellip;]<\/p>\n","protected":false},"author":1,"featured_media":855,"comment_status":"open","ping_status":"open","sticky":false,"template":"","format":"standard","meta":{"_coblocks_attr":"","_coblocks_dimensions":"","_coblocks_responsive_height":"","_coblocks_accordion_ie_support":"","_crdt_document":"","_jetpack_memberships_contains_paid_content":false,"footnotes":"","_links_to":"","_links_to_target":""},"categories":[32,15],"tags":[35,34,33],"class_list":["post-828","post","type-post","status-publish","format-standard","has-post-thumbnail","hentry","category-kultur","category-recension","tag-moderna-museet","tag-vernissage","tag-walid-raad"],"blocksy_meta":[],"yoast_head":"<!-- This site is optimized with the Yoast SEO plugin v27.5 - https:\/\/yoast.com\/product\/yoast-seo-wordpress\/ -->\n<title>Walid Raad p\u00e5 Moderna Mus\u00e9et - Organiserat kaos<\/title>\n<meta name=\"robots\" content=\"index, follow, max-snippet:-1, max-image-preview:large, max-video-preview:-1\" \/>\n<link rel=\"canonical\" href=\"https:\/\/organiser.at\/kaos\/walid-raad-pa-moderna-museet\/\" \/>\n<meta property=\"og:locale\" content=\"sv_SE\" \/>\n<meta property=\"og:type\" content=\"article\" \/>\n<meta property=\"og:title\" content=\"Walid Raad p\u00e5 Moderna Mus\u00e9et - Organiserat kaos\" \/>\n<meta property=\"og:description\" content=\"I torsdags fick jag, lite s\u00e5d\u00e4r i elfte timmen, m\u00f6jlighet att g\u00e5 p\u00e5 vernissage p\u00e5 Moderna Mus\u00e9et i Stockholm. Konstn\u00e4ren var ok\u00e4nd f\u00f6r mig men l\u00e4t tillr\u00e4ckligt intressant f\u00f6r att jag skulle acceptera tillf\u00e4llet. Jag blev inte besviken. Walid Raad \u00e4r en libanesisk, New York-baserad, konstn\u00e4r som anv\u00e4nder sig av en m\u00e4ngd olika tekniker. Personen [&hellip;]\" \/>\n<meta property=\"og:url\" content=\"https:\/\/organiser.at\/kaos\/walid-raad-pa-moderna-museet\/\" \/>\n<meta property=\"og:site_name\" content=\"Organiserat kaos\" \/>\n<meta property=\"article:published_time\" content=\"2020-02-17T19:34:17+00:00\" \/>\n<meta property=\"article:modified_time\" content=\"2020-02-17T19:40:55+00:00\" \/>\n<meta property=\"og:image\" content=\"http:\/\/organiser.at\/kaos\/wp-content\/uploads\/2020\/02\/Walid-Raad-240x300.jpg\" \/>\n<meta name=\"author\" content=\"Fredrik\" \/>\n<meta name=\"twitter:card\" content=\"summary_large_image\" \/>\n<meta name=\"twitter:label1\" content=\"Skriven av\" \/>\n\t<meta name=\"twitter:data1\" content=\"Fredrik\" \/>\n\t<meta name=\"twitter:label2\" content=\"Ber\u00e4knad l\u00e4stid\" \/>\n\t<meta name=\"twitter:data2\" content=\"2 minuter\" \/>\n<script type=\"application\/ld+json\" class=\"yoast-schema-graph\">{\"@context\":\"https:\\\/\\\/schema.org\",\"@graph\":[{\"@type\":\"Article\",\"@id\":\"https:\\\/\\\/organiser.at\\\/kaos\\\/walid-raad-pa-moderna-museet\\\/#article\",\"isPartOf\":{\"@id\":\"https:\\\/\\\/organiser.at\\\/kaos\\\/walid-raad-pa-moderna-museet\\\/\"},\"author\":{\"name\":\"Fredrik\",\"@id\":\"https:\\\/\\\/organiser.at\\\/kaos\\\/#\\\/schema\\\/person\\\/cd9414ba28539374bab80eecb7479d94\"},\"headline\":\"Walid Raad p\u00e5 Moderna Mus\u00e9et\",\"datePublished\":\"2020-02-17T19:34:17+00:00\",\"dateModified\":\"2020-02-17T19:40:55+00:00\",\"mainEntityOfPage\":{\"@id\":\"https:\\\/\\\/organiser.at\\\/kaos\\\/walid-raad-pa-moderna-museet\\\/\"},\"wordCount\":342,\"commentCount\":0,\"publisher\":{\"@id\":\"https:\\\/\\\/organiser.at\\\/kaos\\\/#organization\"},\"image\":{\"@id\":\"https:\\\/\\\/organiser.at\\\/kaos\\\/walid-raad-pa-moderna-museet\\\/#primaryimage\"},\"thumbnailUrl\":\"https:\\\/\\\/i0.wp.com\\\/organiser.at\\\/kaos\\\/wp-content\\\/uploads\\\/2020\\\/02\\\/Walid-Raad.jpg?fit=614%2C768&ssl=1\",\"keywords\":[\"Moderna mus\u00e9et\",\"vernissage\",\"walid raad\"],\"articleSection\":[\"Kultur\",\"Recension\"],\"inLanguage\":\"sv-SE\",\"potentialAction\":[{\"@type\":\"CommentAction\",\"name\":\"Comment\",\"target\":[\"https:\\\/\\\/organiser.at\\\/kaos\\\/walid-raad-pa-moderna-museet\\\/#respond\"]}]},{\"@type\":\"WebPage\",\"@id\":\"https:\\\/\\\/organiser.at\\\/kaos\\\/walid-raad-pa-moderna-museet\\\/\",\"url\":\"https:\\\/\\\/organiser.at\\\/kaos\\\/walid-raad-pa-moderna-museet\\\/\",\"name\":\"Walid Raad p\u00e5 Moderna Mus\u00e9et - Organiserat kaos\",\"isPartOf\":{\"@id\":\"https:\\\/\\\/organiser.at\\\/kaos\\\/#website\"},\"primaryImageOfPage\":{\"@id\":\"https:\\\/\\\/organiser.at\\\/kaos\\\/walid-raad-pa-moderna-museet\\\/#primaryimage\"},\"image\":{\"@id\":\"https:\\\/\\\/organiser.at\\\/kaos\\\/walid-raad-pa-moderna-museet\\\/#primaryimage\"},\"thumbnailUrl\":\"https:\\\/\\\/i0.wp.com\\\/organiser.at\\\/kaos\\\/wp-content\\\/uploads\\\/2020\\\/02\\\/Walid-Raad.jpg?fit=614%2C768&ssl=1\",\"datePublished\":\"2020-02-17T19:34:17+00:00\",\"dateModified\":\"2020-02-17T19:40:55+00:00\",\"breadcrumb\":{\"@id\":\"https:\\\/\\\/organiser.at\\\/kaos\\\/walid-raad-pa-moderna-museet\\\/#breadcrumb\"},\"inLanguage\":\"sv-SE\",\"potentialAction\":[{\"@type\":\"ReadAction\",\"target\":[\"https:\\\/\\\/organiser.at\\\/kaos\\\/walid-raad-pa-moderna-museet\\\/\"]}]},{\"@type\":\"ImageObject\",\"inLanguage\":\"sv-SE\",\"@id\":\"https:\\\/\\\/organiser.at\\\/kaos\\\/walid-raad-pa-moderna-museet\\\/#primaryimage\",\"url\":\"https:\\\/\\\/i0.wp.com\\\/organiser.at\\\/kaos\\\/wp-content\\\/uploads\\\/2020\\\/02\\\/Walid-Raad.jpg?fit=614%2C768&ssl=1\",\"contentUrl\":\"https:\\\/\\\/i0.wp.com\\\/organiser.at\\\/kaos\\\/wp-content\\\/uploads\\\/2020\\\/02\\\/Walid-Raad.jpg?fit=614%2C768&ssl=1\",\"width\":614,\"height\":768},{\"@type\":\"BreadcrumbList\",\"@id\":\"https:\\\/\\\/organiser.at\\\/kaos\\\/walid-raad-pa-moderna-museet\\\/#breadcrumb\",\"itemListElement\":[{\"@type\":\"ListItem\",\"position\":1,\"name\":\"Hem\",\"item\":\"https:\\\/\\\/organiser.at\\\/kaos\\\/\"},{\"@type\":\"ListItem\",\"position\":2,\"name\":\"Walid Raad p\u00e5 Moderna Mus\u00e9et\"}]},{\"@type\":\"WebSite\",\"@id\":\"https:\\\/\\\/organiser.at\\\/kaos\\\/#website\",\"url\":\"https:\\\/\\\/organiser.at\\\/kaos\\\/\",\"name\":\"Organiserat kaos\",\"description\":\"mer \u00e4n bara ett vackert sk\u00e4gg\",\"publisher\":{\"@id\":\"https:\\\/\\\/organiser.at\\\/kaos\\\/#organization\"},\"potentialAction\":[{\"@type\":\"SearchAction\",\"target\":{\"@type\":\"EntryPoint\",\"urlTemplate\":\"https:\\\/\\\/organiser.at\\\/kaos\\\/?s={search_term_string}\"},\"query-input\":{\"@type\":\"PropertyValueSpecification\",\"valueRequired\":true,\"valueName\":\"search_term_string\"}}],\"inLanguage\":\"sv-SE\"},{\"@type\":\"Organization\",\"@id\":\"https:\\\/\\\/organiser.at\\\/kaos\\\/#organization\",\"name\":\"Organiserat kaos\",\"url\":\"https:\\\/\\\/organiser.at\\\/kaos\\\/\",\"logo\":{\"@type\":\"ImageObject\",\"inLanguage\":\"sv-SE\",\"@id\":\"https:\\\/\\\/organiser.at\\\/kaos\\\/#\\\/schema\\\/logo\\\/image\\\/\",\"url\":\"https:\\\/\\\/i0.wp.com\\\/organiser.at\\\/kaos\\\/wp-content\\\/uploads\\\/2020\\\/11\\\/organiserat_kaos_logo_liten.png?fit=595%2C80&ssl=1\",\"contentUrl\":\"https:\\\/\\\/i0.wp.com\\\/organiser.at\\\/kaos\\\/wp-content\\\/uploads\\\/2020\\\/11\\\/organiserat_kaos_logo_liten.png?fit=595%2C80&ssl=1\",\"width\":595,\"height\":80,\"caption\":\"Organiserat kaos\"},\"image\":{\"@id\":\"https:\\\/\\\/organiser.at\\\/kaos\\\/#\\\/schema\\\/logo\\\/image\\\/\"}},{\"@type\":\"Person\",\"@id\":\"https:\\\/\\\/organiser.at\\\/kaos\\\/#\\\/schema\\\/person\\\/cd9414ba28539374bab80eecb7479d94\",\"name\":\"Fredrik\",\"image\":{\"@type\":\"ImageObject\",\"inLanguage\":\"sv-SE\",\"@id\":\"https:\\\/\\\/secure.gravatar.com\\\/avatar\\\/4ec97bb1e560a1aff3ceed4e8f4ce2b4b582007ec5a18f559c281739eeb87f34?s=96&d=mm&r=g\",\"url\":\"https:\\\/\\\/secure.gravatar.com\\\/avatar\\\/4ec97bb1e560a1aff3ceed4e8f4ce2b4b582007ec5a18f559c281739eeb87f34?s=96&d=mm&r=g\",\"contentUrl\":\"https:\\\/\\\/secure.gravatar.com\\\/avatar\\\/4ec97bb1e560a1aff3ceed4e8f4ce2b4b582007ec5a18f559c281739eeb87f34?s=96&d=mm&r=g\",\"caption\":\"Fredrik\"},\"url\":\"https:\\\/\\\/organiser.at\\\/kaos\\\/author\\\/fredrik\\\/\"}]}<\/script>\n<!-- \/ Yoast SEO plugin. -->","yoast_head_json":{"title":"Walid Raad p\u00e5 Moderna Mus\u00e9et - Organiserat kaos","robots":{"index":"index","follow":"follow","max-snippet":"max-snippet:-1","max-image-preview":"max-image-preview:large","max-video-preview":"max-video-preview:-1"},"canonical":"https:\/\/organiser.at\/kaos\/walid-raad-pa-moderna-museet\/","og_locale":"sv_SE","og_type":"article","og_title":"Walid Raad p\u00e5 Moderna Mus\u00e9et - Organiserat kaos","og_description":"I torsdags fick jag, lite s\u00e5d\u00e4r i elfte timmen, m\u00f6jlighet att g\u00e5 p\u00e5 vernissage p\u00e5 Moderna Mus\u00e9et i Stockholm. Konstn\u00e4ren var ok\u00e4nd f\u00f6r mig men l\u00e4t tillr\u00e4ckligt intressant f\u00f6r att jag skulle acceptera tillf\u00e4llet. Jag blev inte besviken. Walid Raad \u00e4r en libanesisk, New York-baserad, konstn\u00e4r som anv\u00e4nder sig av en m\u00e4ngd olika tekniker. Personen [&hellip;]","og_url":"https:\/\/organiser.at\/kaos\/walid-raad-pa-moderna-museet\/","og_site_name":"Organiserat kaos","article_published_time":"2020-02-17T19:34:17+00:00","article_modified_time":"2020-02-17T19:40:55+00:00","og_image":[{"url":"http:\/\/organiser.at\/kaos\/wp-content\/uploads\/2020\/02\/Walid-Raad-240x300.jpg","type":"","width":"","height":""}],"author":"Fredrik","twitter_card":"summary_large_image","twitter_misc":{"Skriven av":"Fredrik","Ber\u00e4knad l\u00e4stid":"2 minuter"},"schema":{"@context":"https:\/\/schema.org","@graph":[{"@type":"Article","@id":"https:\/\/organiser.at\/kaos\/walid-raad-pa-moderna-museet\/#article","isPartOf":{"@id":"https:\/\/organiser.at\/kaos\/walid-raad-pa-moderna-museet\/"},"author":{"name":"Fredrik","@id":"https:\/\/organiser.at\/kaos\/#\/schema\/person\/cd9414ba28539374bab80eecb7479d94"},"headline":"Walid Raad p\u00e5 Moderna Mus\u00e9et","datePublished":"2020-02-17T19:34:17+00:00","dateModified":"2020-02-17T19:40:55+00:00","mainEntityOfPage":{"@id":"https:\/\/organiser.at\/kaos\/walid-raad-pa-moderna-museet\/"},"wordCount":342,"commentCount":0,"publisher":{"@id":"https:\/\/organiser.at\/kaos\/#organization"},"image":{"@id":"https:\/\/organiser.at\/kaos\/walid-raad-pa-moderna-museet\/#primaryimage"},"thumbnailUrl":"https:\/\/i0.wp.com\/organiser.at\/kaos\/wp-content\/uploads\/2020\/02\/Walid-Raad.jpg?fit=614%2C768&ssl=1","keywords":["Moderna mus\u00e9et","vernissage","walid raad"],"articleSection":["Kultur","Recension"],"inLanguage":"sv-SE","potentialAction":[{"@type":"CommentAction","name":"Comment","target":["https:\/\/organiser.at\/kaos\/walid-raad-pa-moderna-museet\/#respond"]}]},{"@type":"WebPage","@id":"https:\/\/organiser.at\/kaos\/walid-raad-pa-moderna-museet\/","url":"https:\/\/organiser.at\/kaos\/walid-raad-pa-moderna-museet\/","name":"Walid Raad p\u00e5 Moderna Mus\u00e9et - Organiserat kaos","isPartOf":{"@id":"https:\/\/organiser.at\/kaos\/#website"},"primaryImageOfPage":{"@id":"https:\/\/organiser.at\/kaos\/walid-raad-pa-moderna-museet\/#primaryimage"},"image":{"@id":"https:\/\/organiser.at\/kaos\/walid-raad-pa-moderna-museet\/#primaryimage"},"thumbnailUrl":"https:\/\/i0.wp.com\/organiser.at\/kaos\/wp-content\/uploads\/2020\/02\/Walid-Raad.jpg?fit=614%2C768&ssl=1","datePublished":"2020-02-17T19:34:17+00:00","dateModified":"2020-02-17T19:40:55+00:00","breadcrumb":{"@id":"https:\/\/organiser.at\/kaos\/walid-raad-pa-moderna-museet\/#breadcrumb"},"inLanguage":"sv-SE","potentialAction":[{"@type":"ReadAction","target":["https:\/\/organiser.at\/kaos\/walid-raad-pa-moderna-museet\/"]}]},{"@type":"ImageObject","inLanguage":"sv-SE","@id":"https:\/\/organiser.at\/kaos\/walid-raad-pa-moderna-museet\/#primaryimage","url":"https:\/\/i0.wp.com\/organiser.at\/kaos\/wp-content\/uploads\/2020\/02\/Walid-Raad.jpg?fit=614%2C768&ssl=1","contentUrl":"https:\/\/i0.wp.com\/organiser.at\/kaos\/wp-content\/uploads\/2020\/02\/Walid-Raad.jpg?fit=614%2C768&ssl=1","width":614,"height":768},{"@type":"BreadcrumbList","@id":"https:\/\/organiser.at\/kaos\/walid-raad-pa-moderna-museet\/#breadcrumb","itemListElement":[{"@type":"ListItem","position":1,"name":"Hem","item":"https:\/\/organiser.at\/kaos\/"},{"@type":"ListItem","position":2,"name":"Walid Raad p\u00e5 Moderna Mus\u00e9et"}]},{"@type":"WebSite","@id":"https:\/\/organiser.at\/kaos\/#website","url":"https:\/\/organiser.at\/kaos\/","name":"Organiserat kaos","description":"mer \u00e4n bara ett vackert sk\u00e4gg","publisher":{"@id":"https:\/\/organiser.at\/kaos\/#organization"},"potentialAction":[{"@type":"SearchAction","target":{"@type":"EntryPoint","urlTemplate":"https:\/\/organiser.at\/kaos\/?s={search_term_string}"},"query-input":{"@type":"PropertyValueSpecification","valueRequired":true,"valueName":"search_term_string"}}],"inLanguage":"sv-SE"},{"@type":"Organization","@id":"https:\/\/organiser.at\/kaos\/#organization","name":"Organiserat kaos","url":"https:\/\/organiser.at\/kaos\/","logo":{"@type":"ImageObject","inLanguage":"sv-SE","@id":"https:\/\/organiser.at\/kaos\/#\/schema\/logo\/image\/","url":"https:\/\/i0.wp.com\/organiser.at\/kaos\/wp-content\/uploads\/2020\/11\/organiserat_kaos_logo_liten.png?fit=595%2C80&ssl=1","contentUrl":"https:\/\/i0.wp.com\/organiser.at\/kaos\/wp-content\/uploads\/2020\/11\/organiserat_kaos_logo_liten.png?fit=595%2C80&ssl=1","width":595,"height":80,"caption":"Organiserat kaos"},"image":{"@id":"https:\/\/organiser.at\/kaos\/#\/schema\/logo\/image\/"}},{"@type":"Person","@id":"https:\/\/organiser.at\/kaos\/#\/schema\/person\/cd9414ba28539374bab80eecb7479d94","name":"Fredrik","image":{"@type":"ImageObject","inLanguage":"sv-SE","@id":"https:\/\/secure.gravatar.com\/avatar\/4ec97bb1e560a1aff3ceed4e8f4ce2b4b582007ec5a18f559c281739eeb87f34?s=96&d=mm&r=g","url":"https:\/\/secure.gravatar.com\/avatar\/4ec97bb1e560a1aff3ceed4e8f4ce2b4b582007ec5a18f559c281739eeb87f34?s=96&d=mm&r=g","contentUrl":"https:\/\/secure.gravatar.com\/avatar\/4ec97bb1e560a1aff3ceed4e8f4ce2b4b582007ec5a18f559c281739eeb87f34?s=96&d=mm&r=g","caption":"Fredrik"},"url":"https:\/\/organiser.at\/kaos\/author\/fredrik\/"}]}},"jetpack_featured_media_url":"https:\/\/i0.wp.com\/organiser.at\/kaos\/wp-content\/uploads\/2020\/02\/Walid-Raad.jpg?fit=614%2C768&ssl=1","blog_post_layout_featured_media_urls":{"thumbnail":["https:\/\/i0.wp.com\/organiser.at\/kaos\/wp-content\/uploads\/2020\/02\/Walid-Raad.jpg?resize=150%2C150&ssl=1",150,150,true],"full":["https:\/\/i0.wp.com\/organiser.at\/kaos\/wp-content\/uploads\/2020\/02\/Walid-Raad.jpg?fit=614%2C768&ssl=1",614,768,false]},"categories_names":{"32":{"name":"Kultur","link":"https:\/\/organiser.at\/kaos\/kategori\/kultur\/"},"15":{"name":"Recension","link":"https:\/\/organiser.at\/kaos\/kategori\/recension\/"}},"tags_names":{"35":{"name":"Moderna mus\u00e9et","link":"https:\/\/organiser.at\/kaos\/etikett\/moderna-museet\/"},"34":{"name":"vernissage","link":"https:\/\/organiser.at\/kaos\/etikett\/vernissage\/"},"33":{"name":"walid raad","link":"https:\/\/organiser.at\/kaos\/etikett\/walid-raad\/"}},"comments_number":"0","jetpack_sharing_enabled":true,"jetpack_shortlink":"https:\/\/wp.me\/p7PBTu-dm","jetpack_likes_enabled":true,"_links":{"self":[{"href":"https:\/\/organiser.at\/kaos\/wp-json\/wp\/v2\/posts\/828","targetHints":{"allow":["GET"]}}],"collection":[{"href":"https:\/\/organiser.at\/kaos\/wp-json\/wp\/v2\/posts"}],"about":[{"href":"https:\/\/organiser.at\/kaos\/wp-json\/wp\/v2\/types\/post"}],"author":[{"embeddable":true,"href":"https:\/\/organiser.at\/kaos\/wp-json\/wp\/v2\/users\/1"}],"replies":[{"embeddable":true,"href":"https:\/\/organiser.at\/kaos\/wp-json\/wp\/v2\/comments?post=828"}],"version-history":[{"count":8,"href":"https:\/\/organiser.at\/kaos\/wp-json\/wp\/v2\/posts\/828\/revisions"}],"predecessor-version":[{"id":865,"href":"https:\/\/organiser.at\/kaos\/wp-json\/wp\/v2\/posts\/828\/revisions\/865"}],"wp:featuredmedia":[{"embeddable":true,"href":"https:\/\/organiser.at\/kaos\/wp-json\/wp\/v2\/media\/855"}],"wp:attachment":[{"href":"https:\/\/organiser.at\/kaos\/wp-json\/wp\/v2\/media?parent=828"}],"wp:term":[{"taxonomy":"category","embeddable":true,"href":"https:\/\/organiser.at\/kaos\/wp-json\/wp\/v2\/categories?post=828"},{"taxonomy":"post_tag","embeddable":true,"href":"https:\/\/organiser.at\/kaos\/wp-json\/wp\/v2\/tags?post=828"}],"curies":[{"name":"wp","href":"https:\/\/api.w.org\/{rel}","templated":true}]}}